{"id":9468,"date":"2023-09-12T06:15:38","date_gmt":"2023-09-12T04:15:38","guid":{"rendered":"https:\/\/studia-online.pl\/aktualnosci\/?p=9468"},"modified":"2026-01-21T15:32:02","modified_gmt":"2026-01-21T14:32:02","slug":"jak-zostac-terapeuta-integracji-sensorycznej","status":"publish","type":"post","link":"https:\/\/studia-online.pl\/aktualnosci\/jak-zostac-terapeuta-integracji-sensorycznej\/","title":{"rendered":"Jak zosta\u0107 terapeut\u0105 integracji sensorycznej?"},"content":{"rendered":"<div id=\"ez-toc-container\" class=\"ez-toc-v2_0_76 counter-hierarchy ez-toc-counter ez-toc-grey ez-toc-container-direction\">\n<div class=\"ez-toc-title-container\">\n<span class=\"ez-toc-title-toggle\"><a href=\"#\" class=\"ez-toc-pull-right ez-toc-btn ez-toc-btn-xs ez-toc-btn-default ez-toc-toggle\" aria-label=\"Toggle Table of Content\"><span class=\"ez-toc-js-icon-con\"><span class=\"\"><span class=\"eztoc-hide\" style=\"display:none;\">Toggle<\/span><span class=\"ez-toc-icon-toggle-span\"><svg style=\"fill: #999;color:#999\" xmlns=\"http:\/\/www.w3.org\/2000\/svg\" class=\"list-377408\" width=\"20px\" height=\"20px\" viewBox=\"0 0 24 24\" fill=\"none\"><path d=\"M6 6H4v2h2V6zm14 0H8v2h12V6zM4 11h2v2H4v-2zm16 0H8v2h12v-2zM4 16h2v2H4v-2zm16 0H8v2h12v-2z\" fill=\"currentColor\"><\/path><\/svg><svg style=\"fill: #999;color:#999\" class=\"arrow-unsorted-368013\" xmlns=\"http:\/\/www.w3.org\/2000\/svg\" width=\"10px\" height=\"10px\" viewBox=\"0 0 24 24\" version=\"1.2\" baseProfile=\"tiny\"><path d=\"M18.2 9.3l-6.2-6.3-6.2 6.3c-.2.2-.3.4-.3.7s.1.5.3.7c.2.2.4.3.7.3h11c.3 0 .5-.1.7-.3.2-.2.3-.5.3-.7s-.1-.5-.3-.7zM5.8 14.7l6.2 6.3 6.2-6.3c.2-.2.3-.5.3-.7s-.1-.5-.3-.7c-.2-.2-.4-.3-.7-.3h-11c-.3 0-.5.1-.7.3-.2.2-.3.5-.3.7s.1.5.3.7z\"\/><\/svg><\/span><\/span><\/span><\/a><\/span><\/div>\n<nav><ul class='ez-toc-list ez-toc-list-level-1 ' ><li class='ez-toc-page-1 ez-toc-heading-level-2'><a class=\"ez-toc-link ez-toc-heading-1\" href=\"https:\/\/studia-online.pl\/aktualnosci\/jak-zostac-terapeuta-integracji-sensorycznej\/#Czym_zajmuje_sie_terapeuta_integracji_sensorycznej\" >Czym zajmuje si\u0119 terapeuta integracji sensorycznej?<\/a><\/li><li class='ez-toc-page-1 ez-toc-heading-level-2'><a class=\"ez-toc-link ez-toc-heading-2\" href=\"https:\/\/studia-online.pl\/aktualnosci\/jak-zostac-terapeuta-integracji-sensorycznej\/#Terapeuta_SI_%E2%80%93_rozporzadzenie_MEN\" >Terapeuta SI &#8211; rozporz\u0105dzenie MEN<\/a><\/li><li class='ez-toc-page-1 ez-toc-heading-level-2'><a class=\"ez-toc-link ez-toc-heading-3\" href=\"https:\/\/studia-online.pl\/aktualnosci\/jak-zostac-terapeuta-integracji-sensorycznej\/#Czy_zaburzenia_integracji_sensorycznej_sa_uleczalne\" >Czy zaburzenia integracji sensorycznej s\u0105 uleczalne?<\/a><\/li><li class='ez-toc-page-1 ez-toc-heading-level-2'><a class=\"ez-toc-link ez-toc-heading-4\" href=\"https:\/\/studia-online.pl\/aktualnosci\/jak-zostac-terapeuta-integracji-sensorycznej\/#Ile_zarabia_terapeuta_integracji_sensorycznej\" >Ile zarabia terapeuta integracji sensorycznej?<\/a><\/li><li class='ez-toc-page-1 ez-toc-heading-level-2'><a class=\"ez-toc-link ez-toc-heading-5\" href=\"https:\/\/studia-online.pl\/aktualnosci\/jak-zostac-terapeuta-integracji-sensorycznej\/#Jak_zostac_terapeuta_integracji_sensorycznej\" >Jak zosta\u0107 terapeut\u0105 integracji sensorycznej?<\/a><\/li><\/ul><\/nav><\/div>\n\n<p><strong>Zaburzenia integracji sensorycznej<\/strong>, okre\u015blane jako <strong>zaburzenia SI<\/strong>, dotycz\u0105 nieprawid\u0142owo\u015bci w rejestracji i przetwarzaniu bod\u017ac\u00f3w sensorycznych. \u015awiadomo\u015b\u0107 dotycz\u0105ca ich wyst\u0119powania wzrasta, a wraz z ni\u0105 zapotrzebowanie na terapeut\u00f3w integracji sensorycznej. W tym artykule odpowiemy na najcz\u0119\u015bciej zadawane pytania dotycz\u0105ce pracy tego specjalisty:<\/p>\n\n\n\n<ul class=\"wp-block-list\">\n<li>Czym zajmuje si\u0119 terapeuta integracji sensorycznej?<\/li>\n\n\n\n<li>Czy zaburzenia integracji sensorycznej s\u0105 uleczalne?<\/li>\n\n\n\n<li>Ile zarabia terapeuta integracji sensorycznej?<\/li>\n\n\n\n<li>Jak zosta\u0107 terapeuta integracji sensorycznej?<\/li>\n<\/ul>\n\n\n\n<h2 class=\"wp-block-heading\"><span class=\"ez-toc-section\" id=\"Czym_zajmuje_sie_terapeuta_integracji_sensorycznej\"><\/span>Czym zajmuje si\u0119 terapeuta integracji sensorycznej?<span class=\"ez-toc-section-end\"><\/span><\/h2>\n\n\n\n<p><a href=\"https:\/\/studia-online.pl\/kursy\/506\/studia\/podyplomowe\/integracja-sensoryczna-diagnoza-i-terapia-dzieci\">Terapeuta integracji sensorycznej<\/a> zajmuje si\u0119 <strong>opracowaniem terapii<\/strong> maj\u0105cej na celu prac\u0119 nad zaburzeniami rejestracji i przetwarzania bod\u017ac\u00f3w znajduj\u0105cych si\u0119 w r\u00f3\u017cnych systemach sensorycznych oraz nieprawid\u0142owo\u015bci w po\u0142\u0105czeniu informacji z innymi uk\u0142adami.<\/p>\n\n\n\n<figure class=\"wp-block-image\"><a href=\"https:\/\/studia-online.pl\/kursy\/506\/studia\/podyplomowe\/integracja-sensoryczna-diagnoza-i-terapia-dzieci\"><img loading=\"lazy\" decoding=\"async\" width=\"694\" height=\"151\" src=\"https:\/\/studia-online.pl\/aktualnosci\/wp-content\/uploads\/2021\/09\/baner_blog_artykul.jpg\" alt=\"studia podyplomowe SI\" class=\"wp-image-5232\" srcset=\"https:\/\/studia-online.pl\/aktualnosci\/wp-content\/uploads\/2021\/09\/baner_blog_artykul.jpg 694w, https:\/\/studia-online.pl\/aktualnosci\/wp-content\/uploads\/2021\/09\/baner_blog_artykul-300x65.jpg 300w\" sizes=\"auto, (max-width: 694px) 100vw, 694px\" \/><\/a><\/figure>\n\n\n\n<p>Terapia os\u00f3b z zaburzeniami integracji sensorycznej powinna uwzgl\u0119dnia\u0107 nast\u0119puj\u0105ce czynniki:&nbsp;<\/p>\n\n\n\n<ul class=\"wp-block-list\">\n<li>diagnoz\u0119;<\/li>\n\n\n\n<li>wiek;<\/li>\n\n\n\n<li>potrzeby i mo\u017cliwo\u015bci danej osoby;<\/li>\n\n\n\n<li>zdolno\u015bci poznawcze;<\/li>\n\n\n\n<li>system wsparcia poza gabinetem.<\/li>\n<\/ul>\n\n\n\n<h2 class=\"wp-block-heading\"><span class=\"ez-toc-section\" id=\"Terapeuta_SI_%E2%80%93_rozporzadzenie_MEN\"><\/span>Terapeuta SI &#8211; rozporz\u0105dzenie MEN<span class=\"ez-toc-section-end\"><\/span><\/h2>\n\n\n\n<p>Zaj\u0119cia z zakresu integracji sensorycznej maj\u0105 <strong>charakter terapeutyczny<\/strong>, dlatego ich prowadzenie wymaga <strong>konkretnych i potwierdzonych kompetencji<\/strong>. Osoby bez odpowiedniego przygotowania nie mog\u0105 realizowa\u0107 takich dzia\u0142a\u0144. Planujesz prac\u0119 w roli terapeuty SI? <strong>Rozporz\u0105dzenie Ministra Edukacji i Nauki z 14 wrze\u015bnia 2023 r.<\/strong> jasno okre\u015bla wymagania kwalifikacyjne. Dokument wskazuje na konieczno\u015b\u0107 posiadania <strong>przygotowania pedagogicznego<\/strong> oraz <strong>kwalifikacji z terapii pedagogicznej ze specjalizacj\u0105 w integracji sensorycznej<\/strong>.<\/p>\n\n\n\n<p>Jednym ze sposob\u00f3w zdobycia wymaganych uprawnie\u0144 jest <strong>uko\u0144czenie studi\u00f3w pierwszego stopnia realizowanych wed\u0142ug przepis\u00f3w obowi\u0105zuj\u0105cych przed 2019 rokiem<\/strong>, nast\u0119pnie uzyskanie przygotowania pedagogicznego, a w kolejnym kroku <strong>zrealizowanie studi\u00f3w podyplomowych z pedagogiki korekcyjnej (terapii pedagogicznej)<\/strong>.<\/p>\n\n\n\n<h2 class=\"wp-block-heading\"><span class=\"ez-toc-section\" id=\"Czy_zaburzenia_integracji_sensorycznej_sa_uleczalne\"><\/span>Czy zaburzenia integracji sensorycznej s\u0105 uleczalne?<span class=\"ez-toc-section-end\"><\/span><\/h2>\n\n\n\n<p>Ka\u017cdy przypadek nale\u017cy traktowa\u0107 w spos\u00f3b indywidualny, poniewa\u017c<strong> ka\u017cda osoba mo\u017ce inaczej reagowa\u0107 na terapi\u0119 SI<\/strong>. Jednak za pomoc\u0105 odpowiednich metod pracy mo\u017cna <strong>zminimalizowa\u0107 lub ca\u0142kowicie usun\u0105\u0107 zaburzenia integracji sensorycznej<\/strong>. Wsp\u00f3\u0142praca danej osoby z terapeut\u0105 SI, a tak\u017ce wsparcie udzielane poza gabinetem, maj\u0105 kluczowy wp\u0142yw na efekty terapeutyczne.<\/p>\n\n\n\n<blockquote class=\"wp-block-quote is-layout-flow wp-block-quote-is-layout-flow\">\n<p><a href=\"https:\/\/studia-online.pl\/kursy\/506\/studia\/podyplomowe\/integracja-sensoryczna-diagnoza-i-terapia-dzieci\">Zdob\u0105d\u017a kwalifikacje do prowadzenia diagnostyki i terapii SI na studiach podyplomowych \u201cIntegracja sensoryczna \u2013 diagnoza i terapia dzieci\u201d<\/a><\/p>\n<\/blockquote>\n\n\n\n<h2 class=\"wp-block-heading\"><span class=\"ez-toc-section\" id=\"Ile_zarabia_terapeuta_integracji_sensorycznej\"><\/span>Ile zarabia terapeuta integracji sensorycznej?<span class=\"ez-toc-section-end\"><\/span><\/h2>\n\n\n\n<p>To, ile zarabia terapeuta integracji sensorycznej, nie zosta\u0142o uwzgl\u0119dnione w Og\u00f3lnopolskim Badaniu Wynagrodze\u0144 b\u0119d\u0105cym najpopularniejszym raportem zarobk\u00f3w os\u00f3b na r\u00f3\u017cnych stanowiskach. <strong>Nie ma oficjalnych statystyk \u015bci\u015ble okre\u015blaj\u0105cych wysoko\u015b\u0107 wynagrodzenia tego specjalisty<\/strong>. Jednak nale\u017cy zauwa\u017cy\u0107, \u017ce jest to zaw\u00f3d daj\u0105cy mo\u017cliwo\u015b\u0107 samodzielnego decydowania o cenie za swoje us\u0142ugi. Kwoty te zazwyczaj mieszcz\u0105 si\u0119 w przedziale <strong>od 100 do 180 z\u0142 za konsultacje trwaj\u0105ce ok. 50 minut<\/strong>.<\/p>\n\n\n\n<p>Zarobki terapeut\u00f3w integracji sensorycznej zale\u017cne s\u0105 od kilku czynnik\u00f3w zewn\u0119trznych, takich jak:<\/p>\n\n\n\n<ul class=\"wp-block-list\">\n<li>zapotrzebowanie na us\u0142ugi,&nbsp;<\/li>\n\n\n\n<li>ilo\u015b\u0107 klient\u00f3w;<\/li>\n\n\n\n<li>dzia\u0142ania marketingowe;<\/li>\n\n\n\n<li>konkurencja;<\/li>\n\n\n\n<li>lokalizacja itd.<\/li>\n<\/ul>\n\n\n\n<h2 class=\"wp-block-heading\"><span class=\"ez-toc-section\" id=\"Jak_zostac_terapeuta_integracji_sensorycznej\"><\/span>Jak zosta\u0107 terapeut\u0105 integracji sensorycznej?<span class=\"ez-toc-section-end\"><\/span><\/h2>\n\n\n\n<p>Sposobem na to, aby zosta\u0107 terapeut\u0105 integracji sensorycznej, jest <strong>uko\u0144czenie kszta\u0142cenia umo\u017cliwiaj\u0105cego zdobycie pe\u0142nej wiedzy potrzebnej do prowadzenia terapii SI<\/strong>. Osoba na tym stanowisku powinna potrafi\u0107 prowadzi\u0107 samodzieln\u0105 obserwacj\u0119 diagnostyczno-kliniczn\u0105 dziecka, okre\u015bla\u0107 diagnoz\u0119 i zastosowa\u0107 terapi\u0119 zaburze\u0144 proces\u00f3w integracji sensorycznej.<\/p>\n\n\n\n<figure class=\"wp-block-image\"><img loading=\"lazy\" decoding=\"async\" width=\"1024\" height=\"545\" src=\"https:\/\/studia-online.pl\/aktualnosci\/wp-content\/uploads\/2023\/10\/terapia-SI-1024x545.jpg\" alt=\"terapia SI\" class=\"wp-image-9470\" srcset=\"https:\/\/studia-online.pl\/aktualnosci\/wp-content\/uploads\/2023\/10\/terapia-SI-1024x545.jpg 1024w, https:\/\/studia-online.pl\/aktualnosci\/wp-content\/uploads\/2023\/10\/terapia-SI-300x160.jpg 300w, https:\/\/studia-online.pl\/aktualnosci\/wp-content\/uploads\/2023\/10\/terapia-SI-768x409.jpg 768w, https:\/\/studia-online.pl\/aktualnosci\/wp-content\/uploads\/2023\/10\/terapia-SI-696x370.jpg 696w, https:\/\/studia-online.pl\/aktualnosci\/wp-content\/uploads\/2023\/10\/terapia-SI-1068x568.jpg 1068w, https:\/\/studia-online.pl\/aktualnosci\/wp-content\/uploads\/2023\/10\/terapia-SI-789x420.jpg 789w\" sizes=\"auto, (max-width: 1024px) 100vw, 1024px\" \/><\/figure>\n\n\n\n<p>Dlatego te\u017c na oferowanych przez nas <strong>studiach podyplomowych \u201cIntegracja sensoryczna \u2013 diagnoza i terapia dzieci\u201d<\/strong> s\u0142uchacz zostanie wyposa\u017cony w umiej\u0119tno\u015bci z zakresu standard\u00f3w diagnozy psychologicznej, pedagogicznej, logopedycznej oraz proces\u00f3w diagnozy integracji sensorycznej. Warto podkre\u015bli\u0107, \u017ce nasza uczelnia dba o wysokiej jako\u015bci standardy nauczania, a tak\u017ce uwzgl\u0119dnia wymogi stawiane terapeutom SI przez rozporz\u0105dzenia.<\/p>\n\n\n\n<p><\/p>\n","protected":false},"excerpt":{"rendered":"<p>Zaburzenia integracji sensorycznej, okre\u015blane jako zaburzenia SI, dotycz\u0105 nieprawid\u0142owo\u015bci w rejestracji i przetwarzaniu bod\u017ac\u00f3w sensorycznych. \u015awiadomo\u015b\u0107 dotycz\u0105ca ich wyst\u0119powania wzrasta, a wraz z ni\u0105 zapotrzebowanie na terapeut\u00f3w integracji sensorycznej. W tym artykule odpowiemy na najcz\u0119\u015bciej zadawane pytania dotycz\u0105ce pracy tego specjalisty: Czym zajmuje si\u0119 terapeuta integracji sensorycznej? Terapeuta integracji sensorycznej zajmuje si\u0119 opracowaniem terapii maj\u0105cej [&hellip;]<\/p>\n","protected":false},"author":14,"featured_media":9469,"comment_status":"closed","ping_status":"closed","sticky":false,"template":"","format":"standard","meta":{"_lmt_disableupdate":"","_lmt_disable":"","footnotes":""},"categories":[7189,7208],"tags":[],"class_list":["post-9468","post","type-post","status-publish","format-standard","has-post-thumbnail","hentry","category-pedagogika","category-integracja-sensoryczna"],"modified_by":"Agnieszka","_links":{"self":[{"href":"https:\/\/studia-online.pl\/aktualnosci\/wp-json\/wp\/v2\/posts\/9468","targetHints":{"allow":["GET"]}}],"collection":[{"href":"https:\/\/studia-online.pl\/aktualnosci\/wp-json\/wp\/v2\/posts"}],"about":[{"href":"https:\/\/studia-online.pl\/aktualnosci\/wp-json\/wp\/v2\/types\/post"}],"author":[{"embeddable":true,"href":"https:\/\/studia-online.pl\/aktualnosci\/wp-json\/wp\/v2\/users\/14"}],"replies":[{"embeddable":true,"href":"https:\/\/studia-online.pl\/aktualnosci\/wp-json\/wp\/v2\/comments?post=9468"}],"version-history":[{"count":5,"href":"https:\/\/studia-online.pl\/aktualnosci\/wp-json\/wp\/v2\/posts\/9468\/revisions"}],"predecessor-version":[{"id":16578,"href":"https:\/\/studia-online.pl\/aktualnosci\/wp-json\/wp\/v2\/posts\/9468\/revisions\/16578"}],"wp:featuredmedia":[{"embeddable":true,"href":"https:\/\/studia-online.pl\/aktualnosci\/wp-json\/wp\/v2\/media\/9469"}],"wp:attachment":[{"href":"https:\/\/studia-online.pl\/aktualnosci\/wp-json\/wp\/v2\/media?parent=9468"}],"wp:term":[{"taxonomy":"category","embeddable":true,"href":"https:\/\/studia-online.pl\/aktualnosci\/wp-json\/wp\/v2\/categories?post=9468"},{"taxonomy":"post_tag","embeddable":true,"href":"https:\/\/studia-online.pl\/aktualnosci\/wp-json\/wp\/v2\/tags?post=9468"}],"curies":[{"name":"wp","href":"https:\/\/api.w.org\/{rel}","templated":true}]}}