{"id":9149,"date":"2023-07-29T09:57:36","date_gmt":"2023-07-29T07:57:36","guid":{"rendered":"https:\/\/studia-online.pl\/aktualnosci\/?p=9149"},"modified":"2023-08-11T10:31:23","modified_gmt":"2023-08-11T08:31:23","slug":"gdzie-znajdziesz-prace-jako-oligofrenopedagog","status":"publish","type":"post","link":"https:\/\/studia-online.pl\/aktualnosci\/gdzie-znajdziesz-prace-jako-oligofrenopedagog\/","title":{"rendered":"Gdzie znajdziesz prac\u0119 jako oligofrenopedagog?"},"content":{"rendered":"<div id=\"ez-toc-container\" class=\"ez-toc-v2_0_76 counter-hierarchy ez-toc-counter ez-toc-grey ez-toc-container-direction\">\n<div class=\"ez-toc-title-container\">\n<span class=\"ez-toc-title-toggle\"><a href=\"#\" class=\"ez-toc-pull-right ez-toc-btn ez-toc-btn-xs ez-toc-btn-default ez-toc-toggle\" aria-label=\"Toggle Table of Content\"><span class=\"ez-toc-js-icon-con\"><span class=\"\"><span class=\"eztoc-hide\" style=\"display:none;\">Toggle<\/span><span class=\"ez-toc-icon-toggle-span\"><svg style=\"fill: #999;color:#999\" xmlns=\"http:\/\/www.w3.org\/2000\/svg\" class=\"list-377408\" width=\"20px\" height=\"20px\" viewBox=\"0 0 24 24\" fill=\"none\"><path d=\"M6 6H4v2h2V6zm14 0H8v2h12V6zM4 11h2v2H4v-2zm16 0H8v2h12v-2zM4 16h2v2H4v-2zm16 0H8v2h12v-2z\" fill=\"currentColor\"><\/path><\/svg><svg style=\"fill: #999;color:#999\" class=\"arrow-unsorted-368013\" xmlns=\"http:\/\/www.w3.org\/2000\/svg\" width=\"10px\" height=\"10px\" viewBox=\"0 0 24 24\" version=\"1.2\" baseProfile=\"tiny\"><path d=\"M18.2 9.3l-6.2-6.3-6.2 6.3c-.2.2-.3.4-.3.7s.1.5.3.7c.2.2.4.3.7.3h11c.3 0 .5-.1.7-.3.2-.2.3-.5.3-.7s-.1-.5-.3-.7zM5.8 14.7l6.2 6.3 6.2-6.3c.2-.2.3-.5.3-.7s-.1-.5-.3-.7c-.2-.2-.4-.3-.7-.3h-11c-.3 0-.5.1-.7.3-.2.2-.3.5-.3.7s.1.5.3.7z\"\/><\/svg><\/span><\/span><\/span><\/a><\/span><\/div>\n<nav><ul class='ez-toc-list ez-toc-list-level-1 ' ><li class='ez-toc-page-1 ez-toc-heading-level-2'><a class=\"ez-toc-link ez-toc-heading-1\" href=\"https:\/\/studia-online.pl\/aktualnosci\/gdzie-znajdziesz-prace-jako-oligofrenopedagog\/#Kim_jest_oligofrenopedagog\" >Kim jest oligofrenopedagog?<\/a><\/li><li class='ez-toc-page-1 ez-toc-heading-level-2'><a class=\"ez-toc-link ez-toc-heading-2\" href=\"https:\/\/studia-online.pl\/aktualnosci\/gdzie-znajdziesz-prace-jako-oligofrenopedagog\/#Oligofrenopedagogika_%E2%80%93_co_daje_ukonczenie_studiow\" >Oligofrenopedagogika \u2013 co daje uko\u0144czenie studi\u00f3w?<\/a><\/li><li class='ez-toc-page-1 ez-toc-heading-level-2'><a class=\"ez-toc-link ez-toc-heading-3\" href=\"https:\/\/studia-online.pl\/aktualnosci\/gdzie-znajdziesz-prace-jako-oligofrenopedagog\/#Edukacja_i_rehabilitacja_osob_z_niepelnosprawnoscia_intelektualna_%E2%80%93_jedne_studia_dwa_swiadectwa\" >Edukacja i rehabilitacja os\u00f3b z niepe\u0142nosprawno\u015bci\u0105 intelektualna \u2013 jedne\nstudia dwa \u015bwiadectwa<\/a><\/li><li class='ez-toc-page-1 ez-toc-heading-level-2'><a class=\"ez-toc-link ez-toc-heading-4\" href=\"https:\/\/studia-online.pl\/aktualnosci\/gdzie-znajdziesz-prace-jako-oligofrenopedagog\/#Oligofrenopedagogika_%E2%80%93_studia_podyplomowe_online\" >Oligofrenopedagogika &#8211; studia podyplomowe online<\/a><\/li><\/ul><\/nav><\/div>\n\n<p>Szacuje si\u0119, \u017ce w polskich szko\u0142ach nauk\u0119 pobiera ponad 100 tysi\u0119cy uczni\u00f3w ze specjalnymi potrzebami edukacyjnymi. Wielu z nich to osoby, u kt\u00f3rych stwierdzono zaburzenia na tle intelektualnym. Specjalist\u0105, kt\u00f3ry zajmuje si\u0119 edukacj\u0105 os\u00f3b z orzeczeniem o niepe\u0142nosprawno\u015bci intelektualnej jest <strong>oligofrenopedagog<\/strong>. W jakich miejscach mo\u017ce znale\u017a\u0107 prac\u0119 osoba posiadaj\u0105ca takie kwalifikacje?<\/p>\n\n\n\n<h2 class=\"wp-block-heading\"><span class=\"ez-toc-section\" id=\"Kim_jest_oligofrenopedagog\"><\/span>Kim jest oligofrenopedagog?<span class=\"ez-toc-section-end\"><\/span><\/h2>\n\n\n\n<p>Nauczyciel specjalizuj\u0105cy si\u0119 w edukacji os\u00f3b z niepe\u0142nosprawno\u015bci\u0105 intelektualn\u0105 to <strong>oligofrenopedagog<\/strong>. Specjalista ten prowadzi zaj\u0119cia o charakterze opieku\u0144czym oraz dydaktyczno-wychowawczym dla dzieci i m\u0142odzie\u017cy, a jego zadaniem jest przygotowanie uczni\u00f3w do \u017cycia spo\u0142ecznego.<\/p>\n\n\n\n<figure class=\"wp-block-image\"><a id=\"blog-art-banner\" href=\"https:\/\/studia-online.pl\/kursy\/4866667\" title=\"Sprawd\u017a kierunek Edukacja i rehabilitacja os\u00f3b z niepe\u0142nosprawno\u015bci\u0105 intelektualn\u0105 (Oligofrenopedagogika), autyzmem oraz zespo\u0142em Aspergera (4 sem)\"><img loading=\"lazy\" decoding=\"async\" width=\"694\" height=\"151\" src=\"\/aktualnosci\/wp-content\/uploads\/2021\/09\/baner_blog_artykul.jpg\" alt=\"Sprawd\u017a kierunek studi\u00f3w podyplomowych\" class=\"wp-image-5232\" srcset=\"https:\/\/studia-online.pl\/aktualnosci\/wp-content\/uploads\/2021\/09\/baner_blog_artykul.jpg 694w, https:\/\/studia-online.pl\/aktualnosci\/wp-content\/uploads\/2021\/09\/baner_blog_artykul-300x65.jpg 300w\" sizes=\"auto, (max-width: 694px) 100vw, 694px\" \/><\/a><\/figure>\n\n\n\n<p><strong>Do jego obowi\u0105zk\u00f3w zalicza si\u0119 r\u00f3wnie\u017c m.in.:<\/strong><\/p>\n\n\n\n<ul class=\"wp-block-list\"><li>prowadzenie zaj\u0119\u0107 rewalidacyjnych (np. usuwanie\nwad wymowy, gimnastyka korekcyjna, doskonalenie umiej\u0119tno\u015bci szkolonych\nucznia),<\/li><li>planowanie oraz przygotowywanie pomocy\ndydaktycznych dla uczni\u00f3w,<\/li><li>prowadzenie zaj\u0119\u0107 o charakterze\ndydaktyczno-wychowawczym np. na r\u00f3\u017cnego rodzaju wycieczkach,<\/li><li>wdra\u017canie uczni\u00f3w do samodzielno\u015bci i rozwijania\nich zainteresowa\u0144.<\/li><\/ul>\n\n\n\n<h2 class=\"wp-block-heading\"><span class=\"ez-toc-section\" id=\"Oligofrenopedagogika_%E2%80%93_co_daje_ukonczenie_studiow\"><\/span>Oligofrenopedagogika \u2013 co daje uko\u0144czenie studi\u00f3w?<span class=\"ez-toc-section-end\"><\/span><\/h2>\n\n\n\n<p>Zaburzenia na tle intelektualnym diagnozowane s\u0105 u coraz wi\u0119kszej ilo\u015bci uczni\u00f3w. Dzieje si\u0119 tak nie tylko z uwagi na czynniki \u015brodowiskowe, ale r\u00f3wnie\u017c <strong>coraz efektywniejsze metody diagnozowania<\/strong>. Wraz z rosn\u0105cym zapotrzebowaniem na specjalist\u00f3w z zakresu oligofrenopedagogiki, coraz wi\u0119cej os\u00f3b postanawia zdoby\u0107 kwalifikacje do pracy w takim charakterze.<\/p>\n\n\n\n<p>W tym celu kandydaci najcz\u0119\u015bciej decyduj\u0105 si\u0119 uko\u0144czy\u0107 <strong>studia\npodyplomowe oligofrenopedagogika<\/strong>, co daje szerokie mo\u017cliwo\u015bci zatrudnienia nie\ntylko w szko\u0142ach i przedszkolach, ale r\u00f3wnie\u017c w:<\/p>\n\n\n\n<ul class=\"wp-block-list\"><li>specjalnych szko\u0142ach przysposabiaj\u0105cych do\npracy,<\/li><li>specjalnych szko\u0142ach zawodowych,<\/li><li>o\u015brodkach szkolno-wychowawczych,<\/li><li>plac\u00f3wkach o\u015bwiatowo-wychowawczych, opieku\u0144czych\noraz rewalidacyjnych.<\/li><\/ul>\n\n\n\n<h2 class=\"wp-block-heading\"><span class=\"ez-toc-section\" id=\"Edukacja_i_rehabilitacja_osob_z_niepelnosprawnoscia_intelektualna_%E2%80%93_jedne_studia_dwa_swiadectwa\"><\/span>Edukacja i rehabilitacja os\u00f3b z niepe\u0142nosprawno\u015bci\u0105 intelektualna \u2013 jedne\nstudia dwa \u015bwiadectwa<span class=\"ez-toc-section-end\"><\/span><\/h2>\n\n\n\n<p>Wy\u017csza Szko\u0142a Kszta\u0142cenia Zawodowego posiada w swojej\nofercie studia <strong>Edukacja i rehabilitacja os\u00f3b z niepe\u0142nosprawno\u015bci\u0105\nintelektualn\u0105 (Oligofrenopedagogika), autyzmem oraz zespo\u0142em Aspergera (4 sem),<\/strong>\nkt\u00f3rych realizacja pozwala zdoby\u0107 uprawnienia oligofrenopedagoga (kod zawodu\n235205) oraz pedagoga specjalnego (kod zawodu 235919).<\/p>\n\n\n\n<p>Jest to mo\u017cliwe z uwagi na fakt, i\u017c studia sk\u0142adaj\u0105 si\u0119 z\ndw\u00f3ch kierunk\u00f3w realizowanych r\u00f3wnolegle:<\/p>\n\n\n\n<ul class=\"wp-block-list\"><li>Edukacja i\nrehabilitacja os\u00f3b z niepe\u0142nosprawno\u015bci\u0105 intelektualn\u0105 (Oligofrenopedagogika), <\/li><li>Edukacja i\nrehabilitacja os\u00f3b z zaburzeniami ze spektrum autyzmu i zespo\u0142em Aspergera.<\/li><\/ul>\n\n\n\n<blockquote style=\"text-align:center\" class=\"wp-block-quote is-style-large is-layout-flow wp-block-quote-is-layout-flow\"><p><a href=\"https:\/\/studia-online.pl\/kursy\/4866667\">ZDOB\u0104D\u0179 KWALIFIKACJE DO PRACY Z UCZNIAMI, U KT\u00d3RYCH ZDIAGNOZOWANO NIEPE\u0141NOSPRAWNO\u015a\u0106 INTELEKTUALN\u0104, AUTYZM ORAZ ZESP\u00d3\u0141 ASPERGERA<\/a><\/p><\/blockquote>\n\n\n\n<p>Absolwent otrzymuje dwa odr\u0119bne dokumenty do ka\u017cdego z kierunk\u00f3w w postaci \u015bwiadectw, a tak\u017ce uzyskuje <strong>uprawnienia do wykonywania zawodu pedagoga<\/strong> w zakresie edukacji i rehabilitacji os\u00f3b z niepe\u0142nosprawno\u015bci\u0105 intelektualn\u0105 oraz <strong>uprawnienia<\/strong> <strong>nauczyciela oligofrenopedagoga<\/strong>. Dzi\u0119ki temu uczelnia spe\u0142nia nowe standardy kszta\u0142cenia zawarte w Rozporz\u0105dzeniu Ministra Nauki i Szkolnictwa Wy\u017cszego z dnia 25 lipca 2019 r. w sprawie standardu kszta\u0142cenia przygotowuj\u0105cego do wykonywania zawodu nauczyciela.\u00a0<\/p>\n\n\n\n<p>Zastosowanie\nnazwy ma jedynie na celu uproszczenie rejestracji kandydata na studia oraz\nu\u0142atwienie obs\u0142ugi internetowego konta s\u0142uchacza. <\/p>\n\n\n\n<figure class=\"wp-block-image\"><img loading=\"lazy\" decoding=\"async\" width=\"852\" height=\"563\" src=\"https:\/\/studia-online.pl\/aktualnosci\/wp-content\/uploads\/2023\/08\/oligofrenopedagog-studia-online.png\" alt=\"oligofrenopedagog studia online\" class=\"wp-image-9151\" srcset=\"https:\/\/studia-online.pl\/aktualnosci\/wp-content\/uploads\/2023\/08\/oligofrenopedagog-studia-online.png 852w, https:\/\/studia-online.pl\/aktualnosci\/wp-content\/uploads\/2023\/08\/oligofrenopedagog-studia-online-300x198.png 300w, https:\/\/studia-online.pl\/aktualnosci\/wp-content\/uploads\/2023\/08\/oligofrenopedagog-studia-online-768x507.png 768w, https:\/\/studia-online.pl\/aktualnosci\/wp-content\/uploads\/2023\/08\/oligofrenopedagog-studia-online-696x460.png 696w, https:\/\/studia-online.pl\/aktualnosci\/wp-content\/uploads\/2023\/08\/oligofrenopedagog-studia-online-636x420.png 636w\" sizes=\"auto, (max-width: 852px) 100vw, 852px\" \/><\/figure>\n\n\n\n<h2 class=\"wp-block-heading\"><span class=\"ez-toc-section\" id=\"Oligofrenopedagogika_%E2%80%93_studia_podyplomowe_online\"><\/span>Oligofrenopedagogika &#8211; studia podyplomowe online<span class=\"ez-toc-section-end\"><\/span><\/h2>\n\n\n\n<p><strong>Oligofrenopedagogika z autyzmem i Aspergerem<\/strong> to kierunek, kt\u00f3ry pozwala zdoby\u0107 po\u017c\u0105dane przez nauczycieli kwalifikacje w bardzo przyst\u0119pnej formie. Nauka trwaj\u0105ca 4 semestry przewiduje 740 godzin zaj\u0119\u0107 teoretycznych oraz 300 godzin praktyk zawodowych. Ogromn\u0105 zalet\u0105 studi\u00f3w podyplomowych online Oligofrenopedagogika jest mo\u017cliwo\u015b\u0107 realizacji zaj\u0119\u0107 teoretycznych w trybie online. W naszej ofercie znajduje si\u0119 tak\u017ce <a href=\"https:\/\/studia-online.pl\/kursy\/4868462\/studia\/podyplomowe\/edukacja-i-rehabilitacja-osob-z-niepelnosprawnoscia-intelektualna-oligofrenopedagogika-autyzmem-oraz-zespolem-aspergera-3-sem\">kierunek trwaj\u0105cy 3 semestry<\/a>.<\/p>\n\n\n\n<p>Wi\u0119cej o trybie nauki przeczytasz w artykule <a href=\"https:\/\/studia-online.pl\/aktualnosci\/jak-wygladaja-studia-online\/\">\u201eJak wygl\u0105daj\u0105 studia online?\u201d.<\/a><\/p>\n\n\n\n<p>Na studia mog\u0105 zapisa\u0107 si\u0119 osoby, kt\u00f3re zrealizowa\u0142y studia z zakresu <strong>przygotowania pedagogicznego<\/strong>. Je\u015bli aspiruj\u0105cy oligofrenopedagog oraz pedagog specjalny go nie posiadaj\u0105, WSKZ umo\u017cliwia zapis na taki kierunek r\u00f3wnolegle z realizowanymi studiami podyplomowymi z oligofrenopedagogiki. W takiej sytuacji s\u0142uchacz otrzymuje<strong> 25% rabatu na przygotowanie pedagogiczne<\/strong>.<\/p>\n","protected":false},"excerpt":{"rendered":"<p>Szacuje si\u0119, \u017ce w polskich szko\u0142ach nauk\u0119 pobiera ponad 100 tysi\u0119cy uczni\u00f3w ze specjalnymi potrzebami edukacyjnymi. Wielu z nich to osoby, u kt\u00f3rych stwierdzono zaburzenia na tle intelektualnym. Specjalist\u0105, kt\u00f3ry zajmuje si\u0119 edukacj\u0105 os\u00f3b z orzeczeniem o niepe\u0142nosprawno\u015bci intelektualnej jest oligofrenopedagog. W jakich miejscach mo\u017ce znale\u017a\u0107 prac\u0119 osoba posiadaj\u0105ca takie kwalifikacje? Kim jest oligofrenopedagog? Nauczyciel [&hellip;]<\/p>\n","protected":false},"author":11,"featured_media":9152,"comment_status":"closed","ping_status":"closed","sticky":false,"template":"","format":"standard","meta":{"_lmt_disableupdate":"","_lmt_disable":"","footnotes":""},"categories":[7204],"tags":[8056,7566,3413],"class_list":["post-9149","post","type-post","status-publish","format-standard","has-post-thumbnail","hentry","category-pedagogika-specjalna","tag-oligofrenopedagog-studia","tag-oligofrenopedagogika-co-to-jest","tag-oligofrenopedagogika-online"],"modified_by":"Ernest","_links":{"self":[{"href":"https:\/\/studia-online.pl\/aktualnosci\/wp-json\/wp\/v2\/posts\/9149","targetHints":{"allow":["GET"]}}],"collection":[{"href":"https:\/\/studia-online.pl\/aktualnosci\/wp-json\/wp\/v2\/posts"}],"about":[{"href":"https:\/\/studia-online.pl\/aktualnosci\/wp-json\/wp\/v2\/types\/post"}],"author":[{"embeddable":true,"href":"https:\/\/studia-online.pl\/aktualnosci\/wp-json\/wp\/v2\/users\/11"}],"replies":[{"embeddable":true,"href":"https:\/\/studia-online.pl\/aktualnosci\/wp-json\/wp\/v2\/comments?post=9149"}],"version-history":[{"count":2,"href":"https:\/\/studia-online.pl\/aktualnosci\/wp-json\/wp\/v2\/posts\/9149\/revisions"}],"predecessor-version":[{"id":9153,"href":"https:\/\/studia-online.pl\/aktualnosci\/wp-json\/wp\/v2\/posts\/9149\/revisions\/9153"}],"wp:featuredmedia":[{"embeddable":true,"href":"https:\/\/studia-online.pl\/aktualnosci\/wp-json\/wp\/v2\/media\/9152"}],"wp:attachment":[{"href":"https:\/\/studia-online.pl\/aktualnosci\/wp-json\/wp\/v2\/media?parent=9149"}],"wp:term":[{"taxonomy":"category","embeddable":true,"href":"https:\/\/studia-online.pl\/aktualnosci\/wp-json\/wp\/v2\/categories?post=9149"},{"taxonomy":"post_tag","embeddable":true,"href":"https:\/\/studia-online.pl\/aktualnosci\/wp-json\/wp\/v2\/tags?post=9149"}],"curies":[{"name":"wp","href":"https:\/\/api.w.org\/{rel}","templated":true}]}}