{"id":7614,"date":"2024-11-08T13:24:42","date_gmt":"2024-11-08T12:24:42","guid":{"rendered":"https:\/\/studia-online.pl\/aktualnosci\/?p=7614"},"modified":"2024-11-08T13:25:59","modified_gmt":"2024-11-08T12:25:59","slug":"kto-wybiera-tematy-zajec-rewalidacyjnych-w-przedszkolu","status":"publish","type":"post","link":"https:\/\/studia-online.pl\/aktualnosci\/kto-wybiera-tematy-zajec-rewalidacyjnych-w-przedszkolu\/","title":{"rendered":"Kto wybiera tematy zaj\u0119\u0107 rewalidacyjnych w przedszkolu?"},"content":{"rendered":"<div id=\"ez-toc-container\" class=\"ez-toc-v2_0_76 counter-hierarchy ez-toc-counter ez-toc-grey ez-toc-container-direction\">\n<div class=\"ez-toc-title-container\">\n<span class=\"ez-toc-title-toggle\"><a href=\"#\" class=\"ez-toc-pull-right ez-toc-btn ez-toc-btn-xs ez-toc-btn-default ez-toc-toggle\" aria-label=\"Toggle Table of Content\"><span class=\"ez-toc-js-icon-con\"><span class=\"\"><span class=\"eztoc-hide\" style=\"display:none;\">Toggle<\/span><span class=\"ez-toc-icon-toggle-span\"><svg style=\"fill: #999;color:#999\" xmlns=\"http:\/\/www.w3.org\/2000\/svg\" class=\"list-377408\" width=\"20px\" height=\"20px\" viewBox=\"0 0 24 24\" fill=\"none\"><path d=\"M6 6H4v2h2V6zm14 0H8v2h12V6zM4 11h2v2H4v-2zm16 0H8v2h12v-2zM4 16h2v2H4v-2zm16 0H8v2h12v-2z\" fill=\"currentColor\"><\/path><\/svg><svg style=\"fill: #999;color:#999\" class=\"arrow-unsorted-368013\" xmlns=\"http:\/\/www.w3.org\/2000\/svg\" width=\"10px\" height=\"10px\" viewBox=\"0 0 24 24\" version=\"1.2\" baseProfile=\"tiny\"><path d=\"M18.2 9.3l-6.2-6.3-6.2 6.3c-.2.2-.3.4-.3.7s.1.5.3.7c.2.2.4.3.7.3h11c.3 0 .5-.1.7-.3.2-.2.3-.5.3-.7s-.1-.5-.3-.7zM5.8 14.7l6.2 6.3 6.2-6.3c.2-.2.3-.5.3-.7s-.1-.5-.3-.7c-.2-.2-.4-.3-.7-.3h-11c-.3 0-.5.1-.7.3-.2.2-.3.5-.3.7s.1.5.3.7z\"\/><\/svg><\/span><\/span><\/span><\/a><\/span><\/div>\n<nav><ul class='ez-toc-list ez-toc-list-level-1 ' ><li class='ez-toc-page-1 ez-toc-heading-level-2'><a class=\"ez-toc-link ez-toc-heading-1\" href=\"https:\/\/studia-online.pl\/aktualnosci\/kto-wybiera-tematy-zajec-rewalidacyjnych-w-przedszkolu\/#Zajecia_rewalidacyjne_%E2%80%93_czym_sa_i_dla_kogo_sa_organizowane\" >Zaj\u0119cia rewalidacyjne \u2013 czym s\u0105 i dla kogo s\u0105 organizowane?<\/a><\/li><li class='ez-toc-page-1 ez-toc-heading-level-2'><a class=\"ez-toc-link ez-toc-heading-2\" href=\"https:\/\/studia-online.pl\/aktualnosci\/kto-wybiera-tematy-zajec-rewalidacyjnych-w-przedszkolu\/#Wymiar_godzin_zajec_rewalidacyjnych\" >Wymiar godzin zaj\u0119\u0107 rewalidacyjnych<\/a><\/li><li class='ez-toc-page-1 ez-toc-heading-level-2'><a class=\"ez-toc-link ez-toc-heading-3\" href=\"https:\/\/studia-online.pl\/aktualnosci\/kto-wybiera-tematy-zajec-rewalidacyjnych-w-przedszkolu\/#Tematyka_zajec_rewalidacyjnych_%E2%80%93_kto_opracowuje_program_i_co_powinien_zawierac\" >Tematyka zaj\u0119\u0107 rewalidacyjnych \u2013 kto opracowuje program i co powinien zawiera\u0107?<\/a><\/li><li class='ez-toc-page-1 ez-toc-heading-level-2'><a class=\"ez-toc-link ez-toc-heading-4\" href=\"https:\/\/studia-online.pl\/aktualnosci\/kto-wybiera-tematy-zajec-rewalidacyjnych-w-przedszkolu\/#Kwalifikacje_dla_nauczycieli_%E2%80%93_terapia_pedagogiczna_studia_podyplomowe_online\" >Kwalifikacje dla nauczycieli \u2013 terapia pedagogiczna studia podyplomowe online<\/a><\/li><li class='ez-toc-page-1 ez-toc-heading-level-2'><a class=\"ez-toc-link ez-toc-heading-5\" href=\"https:\/\/studia-online.pl\/aktualnosci\/kto-wybiera-tematy-zajec-rewalidacyjnych-w-przedszkolu\/#Studia_podyplomowe_%E2%80%93_terapia_diagnoza_i_rewalidacja\" >Studia podyplomowe \u2013 terapia, diagnoza i rewalidacja<\/a><\/li><\/ul><\/nav><\/div>\n\n<p>Z wychowania przedszkolnego korzystaj\u0105 w Polsce dzieci <b>od 3. do 6. roku \u017cycia<\/b>. W wyj\u0105tkowych przypadkach \u2013 za zgod\u0105 dyrektora przedszkola \u2013 mo\u017ce to by\u0107 r\u00f3wnie\u017c ucze\u0144 2,5-letni. W\u015br\u00f3d w pe\u0142ni zdrowych i prawid\u0142owo rozwijaj\u0105cych si\u0119 przedszkolak\u00f3w znajduj\u0105 si\u0119 tak\u017ce ci, kt\u00f3ry posiadaj\u0105 pewne ograniczenia i zaburzenia. Z tego powodu w ka\u017cdej tego typu plac\u00f3wce organizowane s\u0105 specjalne zaj\u0119cia maj\u0105ce na celu usprawni\u0107 funkcje rozwojowe i intelektualne. <strong>Tematy zaj\u0119\u0107 rewalidacyjnych<\/strong> nie s\u0105 jednak uniwersalne \u2013 dostosowywane s\u0105 m.in. do zalece\u0144 zawartych w orzeczeniu dla danego ucznia. To, w jaki spos\u00f3b powinny wygl\u0105da\u0107 takie zaj\u0119cia, kto je prowadzi i jakie dzieci mog\u0105 z nich korzysta\u0107, reguluj\u0105 odpowiednie przepisy. <\/p>\n\n\n\n<h2 class=\"wp-block-heading\"><span class=\"ez-toc-section\" id=\"Zajecia_rewalidacyjne_%E2%80%93_czym_sa_i_dla_kogo_sa_organizowane\"><\/span>Zaj\u0119cia rewalidacyjne \u2013 czym s\u0105 i dla kogo s\u0105 organizowane?<span class=\"ez-toc-section-end\"><\/span><\/h2>\n\n\n\n<p>Obowi\u0105zek organizacji zaj\u0119\u0107 rewalidacyjnych dotyczy wszystkich rodzaj\u00f3w szk\u00f3\u0142 \u2014 podstawowych<strong> <\/strong>oraz <strong>ponadpodstawowych<\/strong>, a tak\u017ce <strong>publicznych<\/strong>, <strong>specjalnych <\/strong>i <strong>integracyjnych<\/strong>. Cho\u0107 w \u015brodowisku szkolnym s\u0105 cz\u0119sto traktowane jako pomoc psychologiczno-pedagogiczna, w praktyce maj\u0105 inne przeznaczenie i zastosowanie.<\/p>\n\n\n\n<p>Zaj\u0119cia rewalidacyjne organizowane s\u0105 dla uczni\u00f3w, kt\u00f3rzy posiadaj\u0105 orzeczenie wydane przez specjalist\u0119 stwierdzaj\u0105ce potrzeb\u0119 specjalnego kszta\u0142cenia z powodu niepe\u0142nosprawno\u015bci. To m.in. osoby z:<\/p>\n\n\n\n<ul class=\"wp-block-list\">\n<li><strong>niepe\u0142nosprawno\u015bci\u0105 intelektualn\u0105<\/strong> \u2013 program wspiera procesy poznawcze, pami\u0119\u0107, uwag\u0119 i koncentracj\u0119;<\/li>\n\n\n\n<li><strong>autyzmem oraz Zespo\u0142em Aspergera<\/strong> \u2013 zaj\u0119cia rozwijaj\u0105 umiej\u0119tno\u015bci komunikacyjne, relacyjne i emocjonalne;<\/li>\n\n\n\n<li><strong>zaburzeniami s\u0142uchu i wzroku<\/strong> \u2013 aktywno\u015bci stymuluj\u0105 zmys\u0142y, rozw\u00f3j alternatywnych metod komunikacji i wspomaganie poznawcze;<\/li>\n<\/ul>\n\n\n\n<p><strong>zaburzeniami ruchowymi<\/strong> \u2013 \u0107wiczenia motoryczne wspieraj\u0105 zdolno\u015bci manualne i koordynacj\u0119.<\/p>\n\n\n\n<figure class=\"wp-block-image\"><img loading=\"lazy\" decoding=\"async\" width=\"1024\" height=\"649\" src=\"https:\/\/studia-online.pl\/aktualnosci\/wp-content\/uploads\/2022\/11\/jakie-s\u0105-tematy-zaj\u0119\u0107-rewalidacyjnych-1024x649.png\" alt=\"jakie s\u0105 tematy zaj\u0119\u0107 rewalidacyjnych\" class=\"wp-image-7618\" srcset=\"https:\/\/studia-online.pl\/aktualnosci\/wp-content\/uploads\/2022\/11\/jakie-s\u0105-tematy-zaj\u0119\u0107-rewalidacyjnych-1024x649.png 1024w, https:\/\/studia-online.pl\/aktualnosci\/wp-content\/uploads\/2022\/11\/jakie-s\u0105-tematy-zaj\u0119\u0107-rewalidacyjnych-300x190.png 300w, https:\/\/studia-online.pl\/aktualnosci\/wp-content\/uploads\/2022\/11\/jakie-s\u0105-tematy-zaj\u0119\u0107-rewalidacyjnych-768x487.png 768w, https:\/\/studia-online.pl\/aktualnosci\/wp-content\/uploads\/2022\/11\/jakie-s\u0105-tematy-zaj\u0119\u0107-rewalidacyjnych-696x441.png 696w, https:\/\/studia-online.pl\/aktualnosci\/wp-content\/uploads\/2022\/11\/jakie-s\u0105-tematy-zaj\u0119\u0107-rewalidacyjnych-1068x677.png 1068w, https:\/\/studia-online.pl\/aktualnosci\/wp-content\/uploads\/2022\/11\/jakie-s\u0105-tematy-zaj\u0119\u0107-rewalidacyjnych-662x420.png 662w, https:\/\/studia-online.pl\/aktualnosci\/wp-content\/uploads\/2022\/11\/jakie-s\u0105-tematy-zaj\u0119\u0107-rewalidacyjnych.png 1246w\" sizes=\"auto, (max-width: 1024px) 100vw, 1024px\" \/><\/figure>\n\n\n\n<h2 class=\"wp-block-heading\"><span class=\"ez-toc-section\" id=\"Wymiar_godzin_zajec_rewalidacyjnych\"><\/span>Wymiar godzin zaj\u0119\u0107 rewalidacyjnych<span class=\"ez-toc-section-end\"><\/span><\/h2>\n\n\n\n<p>Czas trwania i organizacja zaj\u0119\u0107 rewalidacyjnych dla uczni\u00f3w ze specjalnymi potrzebami edukacyjnymi s\u0105 <strong>uregulowane przez przepisy o\u015bwiatowe, kt\u00f3re okre\u015blaj\u0105 minimalny tygodniowy wymiar godzin.<\/strong> Dla uczni\u00f3w w klasach integracyjnych lub og\u00f3lnodost\u0119pnych przewidziane s\u0105 co najmniej 2 godziny zaj\u0119\u0107 rewalidacyjnych tygodniowo, natomiast w klasach specjalnych ich liczba wynosi 8,10 lub nawet 12 godzin na oddzia\u0142, zale\u017cnie od specyfiki szko\u0142y.\u00a0W przedszkolach czas ten dostosowany jest do wieku dzieci \u2013<strong> dla najm\u0142odszych (3-4 lata) zaj\u0119cia trwaj\u0105 oko\u0142o 15 minut, a dla dzieci 5-6-letnich \u2013 30 minut<\/strong>. W szko\u0142ach podstawowych godzina rewalidacyjna ma natomiast<strong> standardow\u0105 d\u0142ugo\u015b\u0107 45 minut<\/strong>, cho\u0107 czas ten mo\u017cna dostosowa\u0107 do mo\u017cliwo\u015bci ucznia, zachowuj\u0105c przy tym minimalny wymiar godzin okre\u015blony w rozporz\u0105dzeniu. Forma zaj\u0119\u0107 \u2013 <strong>indywidualna lub zespo\u0142owa<\/strong> \u2013 powinna by\u0107 dobrana na podstawie wskaza\u0144 zawartych w orzeczeniu o potrzebie kszta\u0142cenia specjalnego i dostosowana do mo\u017cliwo\u015bci i potrzeb uczestnik\u00f3w.<\/p>\n\n\n\n<h2 class=\"wp-block-heading\"><span class=\"ez-toc-section\" id=\"Tematyka_zajec_rewalidacyjnych_%E2%80%93_kto_opracowuje_program_i_co_powinien_zawierac\"><\/span>Tematyka zaj\u0119\u0107 rewalidacyjnych \u2013 kto opracowuje program i co powinien zawiera\u0107?<span class=\"ez-toc-section-end\"><\/span><\/h2>\n\n\n\n<p>W programie powinny znajdowa\u0107 si\u0119 tematy, kt\u00f3re pozwol\u0105\nrozwija\u0107 przede wszystkim umiej\u0119tno\u015bci komunikacyjne dostosowane do rodzaju\nniepe\u0142nosprawno\u015bci ucznia. W przypadku ucznia:<\/p>\n\n\n\n<ul class=\"wp-block-list\">\n<li><strong>z zaburzeniami mowy b\u0105d\u017a ucznia niemego<\/strong> \u2013 tematyka zaj\u0119\u0107 rewalidacyjnych rozwijaj\u0105ce nauk\u0119 j\u0119zyka migowego, a tak\u017ce pozosta\u0142ych sposob\u00f3w komunikowania, w tym alternatywnych oraz wspomagaj\u0105cych metod komunikacji,<\/li>\n\n\n\n<li><strong>niewidomego <\/strong>\u2013 tematy umo\u017cliwiaj\u0105ce nauk\u0119 orientacji przestrzennej oraz poruszania si\u0119, a tak\u017ce nauk\u0119 systemu Braille\u2019a,<\/li>\n\n\n\n<li><strong>z autyzmem (w tym z zespo\u0142em Aspergera)<\/strong> \u2013 zaj\u0119cia, kt\u00f3re rozwin\u0105 umiej\u0119tno\u015bci spo\u0142eczne oraz komunikacyjne.<\/li>\n<\/ul>\n\n\n\n<p>Tematyka zaj\u0119\u0107 rewalidacyjnych opracowywana jest przez zesp\u00f3\u0142 stworzony przez nauczycieli i specjalist\u00f3w, kt\u00f3rzy prowadz\u0105 zaj\u0119cia. Grupa ta opracowuje program po tym, jak dokona wielospecjalistycznej oceny funkcjonowania ucznia. Bardzo wa\u017cne jest uwzgl\u0119dnienie diagnozy, wniosk\u00f3w oraz zalece\u0144 zawartych w orzeczeniu, kt\u00f3re jest podstaw\u0105 do skierowania na kszta\u0142cenie specjalne.<\/p>\n\n\n\n<h2 class=\"wp-block-heading\"><span class=\"ez-toc-section\" id=\"Kwalifikacje_dla_nauczycieli_%E2%80%93_terapia_pedagogiczna_studia_podyplomowe_online\"><\/span>Kwalifikacje dla nauczycieli \u2013 terapia pedagogiczna studia podyplomowe online<span class=\"ez-toc-section-end\"><\/span><\/h2>\n\n\n\n<p>Dob\u00f3r temat\u00f3w zaj\u0119\u0107 rewalidacyjnych mo\u017ce by\u0107 realizowany tylko przez osoby, kt\u00f3re spe\u0142niaj\u0105 wymogi odno\u015bnie kwalifikacji. Zaj\u0119cia s\u0105 prowadzone przez nauczyciela lub specjalist\u0119 posiadaj\u0105cego kompetencje dostosowane do rodzaju niepe\u0142nosprawno\u015bci uczni\u00f3w. Aby spe\u0142nia\u0107 te wymagania, nauczyciel musi uko\u0144czy\u0107 odpowiednie studia kierunkowe lub podyplomowe, np. z <strong>zakresu pedagogiki specjalnej, logopedii, czy resocjalizacji. <\/strong>Zaj\u0119cia rewalidacyjne mog\u0105 by\u0107 tak\u017ce realizowane przez specjalist\u00f3w, np. psycholog\u00f3w czy terapeut\u00f3w pedagogicznych, na podstawie decyzji dyrektora szko\u0142y, kt\u00f3ry ocenia, czy ich kwalifikacje odpowiadaj\u0105 potrzebom plac\u00f3wki.<\/p>\n\n\n\n<figure class=\"wp-block-image size-large\"><img loading=\"lazy\" decoding=\"async\" width=\"1024\" height=\"684\" src=\"https:\/\/studia-online.pl\/aktualnosci\/wp-content\/uploads\/2022\/11\/tematyka-zajec-rewalidacyjnych-1024x684.jpg\" alt=\"tematyka-zajec-rewalidacyjnych\" class=\"wp-image-13305\" srcset=\"https:\/\/studia-online.pl\/aktualnosci\/wp-content\/uploads\/2022\/11\/tematyka-zajec-rewalidacyjnych-1024x684.jpg 1024w, https:\/\/studia-online.pl\/aktualnosci\/wp-content\/uploads\/2022\/11\/tematyka-zajec-rewalidacyjnych-300x200.jpg 300w, https:\/\/studia-online.pl\/aktualnosci\/wp-content\/uploads\/2022\/11\/tematyka-zajec-rewalidacyjnych-768x513.jpg 768w, https:\/\/studia-online.pl\/aktualnosci\/wp-content\/uploads\/2022\/11\/tematyka-zajec-rewalidacyjnych-1536x1025.jpg 1536w, https:\/\/studia-online.pl\/aktualnosci\/wp-content\/uploads\/2022\/11\/tematyka-zajec-rewalidacyjnych-2048x1367.jpg 2048w, https:\/\/studia-online.pl\/aktualnosci\/wp-content\/uploads\/2022\/11\/tematyka-zajec-rewalidacyjnych-696x465.jpg 696w, https:\/\/studia-online.pl\/aktualnosci\/wp-content\/uploads\/2022\/11\/tematyka-zajec-rewalidacyjnych-1068x713.jpg 1068w, https:\/\/studia-online.pl\/aktualnosci\/wp-content\/uploads\/2022\/11\/tematyka-zajec-rewalidacyjnych-629x420.jpg 629w\" sizes=\"auto, (max-width: 1024px) 100vw, 1024px\" \/><\/figure>\n\n\n\n<p>Warto podkre\u015bli\u0107, \u017ce uczniowie z niepe\u0142nosprawno\u015bciami mog\u0105 korzysta\u0107 z <strong>innych form wsparcia psychologiczno-pedagogicznego,<\/strong> organizowanych na podstawie rekomendacji zespo\u0142u nauczycieli i specjalist\u00f3w. Jednak\u017ce zaj\u0119cia rewalidacyjne s\u0105 dedykowane<strong> wy\u0142\u0105cznie dla uczni\u00f3w z orzeczeniem o niepe\u0142nosprawno\u015bci <\/strong>i maj\u0105 na celu intensywne wsparcie ich indywidualnych potrzeb edukacyjnych. W\u0142a\u015bnie dlatego <a title=\"Zobacz stron\u0119 kierunku Diagnoza, rewalidacja i terapia pedagogiczna\" href=\"https:\/\/studia-online.pl\/kursy\/734\">rewalidacja w przedszkolu<\/a> jest niezwykle wa\u017cnym procesem, kt\u00f3ry wymaga posiadania<strong> odpowiedniego przygotowania merytorycznego oraz praktycznego.<\/strong><\/p>\n\n\n\n<p>Dla os\u00f3b, kt\u00f3re chc\u0105 poprowadzi\u0107 swoj\u0105 \u015bcie\u017ck\u0119 zawodow\u0105 w tym niezwykle interesuj\u0105cym kierunku, jakim jest <strong>diagnoza i terapia pedagogiczna<\/strong>, <strong>studia podyplomowe<\/strong> oferowane przez Wy\u017csz\u0105 Szko\u0142\u0119 Kszta\u0142cenia Zawodowego pozwalaj\u0105 zdoby\u0107 wymagane uprawnienia za pomoc\u0105 nowoczesnej metody kszta\u0142cenia przez Internet.<\/p>\n\n\n\n<figure class=\"wp-block-image\"><a id=\"blog-art-banner\" href=\"https:\/\/studia-online.pl\/kursy\/734\" title=\"Sprawd\u017a kierunek Diagnoza, rewalidacja i terapia pedagogiczna\"><img loading=\"lazy\" decoding=\"async\" width=\"694\" height=\"151\" src=\"\/aktualnosci\/wp-content\/uploads\/2021\/09\/baner_blog_artykul.jpg\" alt=\"Sprawd\u017a kierunek studi\u00f3w podyplomowych\" class=\"wp-image-5232\" srcset=\"https:\/\/studia-online.pl\/aktualnosci\/wp-content\/uploads\/2021\/09\/baner_blog_artykul.jpg 694w, https:\/\/studia-online.pl\/aktualnosci\/wp-content\/uploads\/2021\/09\/baner_blog_artykul-300x65.jpg 300w\" sizes=\"auto, (max-width: 694px) 100vw, 694px\" \/><\/a><\/figure>\n\n\n\n<h2 class=\"wp-block-heading\"><span class=\"ez-toc-section\" id=\"Studia_podyplomowe_%E2%80%93_terapia_diagnoza_i_rewalidacja\"><\/span>Studia podyplomowe \u2013 terapia, diagnoza i rewalidacja<span class=\"ez-toc-section-end\"><\/span><\/h2>\n\n\n\n<p>Wed\u0142ug przepis\u00f3w, kwalifikacje do prowadzenia zaj\u0119\u0107\nrewalidacyjnych posiada osoba, kt\u00f3ra:<\/p>\n\n\n\n<ul class=\"wp-block-list\">\n<li>uko\u0144czy\u0142a studia wy\u017csze b\u0105d\u017a zak\u0142ad kszta\u0142cenia<br>nauczycieli w obszarze odpowiednim do niepe\u0142nosprawno\u015bci uczni\u00f3w lub<\/li>\n\n\n\n<li>posiada wykszta\u0142cenie na poziomie, kt\u00f3ry jest<br>wymagany do zajmowania stanowiska nauczyciela oraz posiada przygotowanie<br>pedagogiczne, a tak\u017ce dyplom uko\u0144czenia studi\u00f3w podyplomowych w zakresie<br>adekwatnym do niepe\u0142nosprawno\u015bci uczni\u00f3w.<\/li>\n<\/ul>\n\n\n\n<p><strong>Studia <\/strong>oferowane przez <strong>WSKZ <\/strong>nadaj\u0105 kwalifikacje do pracy jako nauczyciel terapeuta oraz rewalidator m.in. w przedszkolach. S\u0142uchacze w trakcie nauki poznaj\u0105 najnowsze tendencje oraz wskazania do terapeutycznej pracy z uczniami o specjalnych potrzebach edukacyjnych.<\/p>\n","protected":false},"excerpt":{"rendered":"<p>Z wychowania przedszkolnego korzystaj\u0105 w Polsce dzieci od 3. do 6. roku \u017cycia. W wyj\u0105tkowych przypadkach \u2013 za zgod\u0105 dyrektora przedszkola \u2013 mo\u017ce to by\u0107 r\u00f3wnie\u017c ucze\u0144 2,5-letni. W\u015br\u00f3d w pe\u0142ni zdrowych i prawid\u0142owo rozwijaj\u0105cych si\u0119 przedszkolak\u00f3w znajduj\u0105 si\u0119 tak\u017ce ci, kt\u00f3ry posiadaj\u0105 pewne ograniczenia i zaburzenia. Z tego powodu w ka\u017cdej tego typu plac\u00f3wce [&hellip;]<\/p>\n","protected":false},"author":11,"featured_media":7620,"comment_status":"closed","ping_status":"closed","sticky":false,"template":"","format":"standard","meta":{"_lmt_disableupdate":"","_lmt_disable":"","footnotes":""},"categories":[7204],"tags":[2692,3560,3561],"class_list":["post-7614","post","type-post","status-publish","format-standard","has-post-thumbnail","hentry","category-pedagogika-specjalna","tag-diagnoza-i-rewalidacja","tag-diagnoza-rewalidacja-terapia-pedagogiczna-online","tag-studia-podyplomowe-diagnoza-rewalidacja"],"modified_by":"Karolina Grad","_links":{"self":[{"href":"https:\/\/studia-online.pl\/aktualnosci\/wp-json\/wp\/v2\/posts\/7614","targetHints":{"allow":["GET"]}}],"collection":[{"href":"https:\/\/studia-online.pl\/aktualnosci\/wp-json\/wp\/v2\/posts"}],"about":[{"href":"https:\/\/studia-online.pl\/aktualnosci\/wp-json\/wp\/v2\/types\/post"}],"author":[{"embeddable":true,"href":"https:\/\/studia-online.pl\/aktualnosci\/wp-json\/wp\/v2\/users\/11"}],"replies":[{"embeddable":true,"href":"https:\/\/studia-online.pl\/aktualnosci\/wp-json\/wp\/v2\/comments?post=7614"}],"version-history":[{"count":5,"href":"https:\/\/studia-online.pl\/aktualnosci\/wp-json\/wp\/v2\/posts\/7614\/revisions"}],"predecessor-version":[{"id":13306,"href":"https:\/\/studia-online.pl\/aktualnosci\/wp-json\/wp\/v2\/posts\/7614\/revisions\/13306"}],"wp:featuredmedia":[{"embeddable":true,"href":"https:\/\/studia-online.pl\/aktualnosci\/wp-json\/wp\/v2\/media\/7620"}],"wp:attachment":[{"href":"https:\/\/studia-online.pl\/aktualnosci\/wp-json\/wp\/v2\/media?parent=7614"}],"wp:term":[{"taxonomy":"category","embeddable":true,"href":"https:\/\/studia-online.pl\/aktualnosci\/wp-json\/wp\/v2\/categories?post=7614"},{"taxonomy":"post_tag","embeddable":true,"href":"https:\/\/studia-online.pl\/aktualnosci\/wp-json\/wp\/v2\/tags?post=7614"}],"curies":[{"name":"wp","href":"https:\/\/api.w.org\/{rel}","templated":true}]}}