{"id":6882,"date":"2022-07-05T11:32:56","date_gmt":"2022-07-05T09:32:56","guid":{"rendered":"https:\/\/studia-online.pl\/aktualnosci\/?p=6882"},"modified":"2025-09-12T14:33:57","modified_gmt":"2025-09-12T12:33:57","slug":"asperger-a-autyzm-roznice-w-edukacji-i-rehabilitacji","status":"publish","type":"post","link":"https:\/\/studia-online.pl\/aktualnosci\/asperger-a-autyzm-roznice-w-edukacji-i-rehabilitacji\/","title":{"rendered":"Asperger a autyzm &#8211; r\u00f3\u017cnice w edukacji i rehabilitacji"},"content":{"rendered":"<div id=\"ez-toc-container\" class=\"ez-toc-v2_0_76 counter-hierarchy ez-toc-counter ez-toc-grey ez-toc-container-direction\">\n<div class=\"ez-toc-title-container\">\n<span class=\"ez-toc-title-toggle\"><a href=\"#\" class=\"ez-toc-pull-right ez-toc-btn ez-toc-btn-xs ez-toc-btn-default ez-toc-toggle\" aria-label=\"Toggle Table of Content\"><span class=\"ez-toc-js-icon-con\"><span class=\"\"><span class=\"eztoc-hide\" style=\"display:none;\">Toggle<\/span><span class=\"ez-toc-icon-toggle-span\"><svg style=\"fill: #999;color:#999\" xmlns=\"http:\/\/www.w3.org\/2000\/svg\" class=\"list-377408\" width=\"20px\" height=\"20px\" viewBox=\"0 0 24 24\" fill=\"none\"><path d=\"M6 6H4v2h2V6zm14 0H8v2h12V6zM4 11h2v2H4v-2zm16 0H8v2h12v-2zM4 16h2v2H4v-2zm16 0H8v2h12v-2z\" fill=\"currentColor\"><\/path><\/svg><svg style=\"fill: #999;color:#999\" class=\"arrow-unsorted-368013\" xmlns=\"http:\/\/www.w3.org\/2000\/svg\" width=\"10px\" height=\"10px\" viewBox=\"0 0 24 24\" version=\"1.2\" baseProfile=\"tiny\"><path d=\"M18.2 9.3l-6.2-6.3-6.2 6.3c-.2.2-.3.4-.3.7s.1.5.3.7c.2.2.4.3.7.3h11c.3 0 .5-.1.7-.3.2-.2.3-.5.3-.7s-.1-.5-.3-.7zM5.8 14.7l6.2 6.3 6.2-6.3c.2-.2.3-.5.3-.7s-.1-.5-.3-.7c-.2-.2-.4-.3-.7-.3h-11c-.3 0-.5.1-.7.3-.2.2-.3.5-.3.7s.1.5.3.7z\"\/><\/svg><\/span><\/span><\/span><\/a><\/span><\/div>\n<nav><ul class='ez-toc-list ez-toc-list-level-1 ' ><li class='ez-toc-page-1 ez-toc-heading-level-2'><a class=\"ez-toc-link ez-toc-heading-1\" href=\"https:\/\/studia-online.pl\/aktualnosci\/asperger-a-autyzm-roznice-w-edukacji-i-rehabilitacji\/#Klasyfikacja_%E2%80%93_Asperger_a_autyzm\" >Klasyfikacja \u2013 Asperger a autyzm<\/a><\/li><li class='ez-toc-page-1 ez-toc-heading-level-2'><a class=\"ez-toc-link ez-toc-heading-2\" href=\"https:\/\/studia-online.pl\/aktualnosci\/asperger-a-autyzm-roznice-w-edukacji-i-rehabilitacji\/#Roznice_miedzy_zespolem_Aspergera_a_autyzmem\" >R\u00f3\u017cnice mi\u0119dzy zespo\u0142em Aspergera a autyzmem<\/a><\/li><li class='ez-toc-page-1 ez-toc-heading-level-2'><a class=\"ez-toc-link ez-toc-heading-3\" href=\"https:\/\/studia-online.pl\/aktualnosci\/asperger-a-autyzm-roznice-w-edukacji-i-rehabilitacji\/#Asperger_a_autyzm_%E2%80%93_edukacja\" >Asperger a autyzm \u2013 edukacja<\/a><\/li><li class='ez-toc-page-1 ez-toc-heading-level-2'><a class=\"ez-toc-link ez-toc-heading-4\" href=\"https:\/\/studia-online.pl\/aktualnosci\/asperger-a-autyzm-roznice-w-edukacji-i-rehabilitacji\/#Rehabilitacja_%E2%80%93_Asperger_a_autyzm\" >Rehabilitacja \u2013 Asperger a autyzm<\/a><\/li><li class='ez-toc-page-1 ez-toc-heading-level-2'><a class=\"ez-toc-link ez-toc-heading-5\" href=\"https:\/\/studia-online.pl\/aktualnosci\/asperger-a-autyzm-roznice-w-edukacji-i-rehabilitacji\/#Studia_podyplomowe_po_licencjacie_%E2%80%93_dla_pedagogow_i_nie_tylko\" >Studia podyplomowe po licencjacie \u2013 dla pedagog\u00f3w i nie tylko<\/a><\/li><\/ul><\/nav><\/div>\n\n<p>Nasilenie chor\u00f3b oraz zaburze\u0144 u dzieci i doros\u0142ych jest jednym z najwa\u017cniejszych problem\u00f3w wsp\u00f3\u0142czesnego \u015bwiata. Negatywne skutki zwi\u0105zane z zanieczyszczeniem \u015brodowiska, ograniczenie aktywno\u015bci fizycznej, jak r\u00f3wnie\u017c wzrost napi\u0119cia nerwowego &#8211; to tylko nieliczne czynniki wp\u0142ywaj\u0105ce na rozw\u00f3j <strong>chor\u00f3b cywilizacyjnych<\/strong>. W\u015br\u00f3d nich znajduje si\u0119 wiele zaburze\u0144, z kt\u00f3rymi musz\u0105 sobie radzi\u0107 zar\u00f3wno dzieci, jak i doro\u015bli. <strong>Asperger a autyzm<\/strong> \u2013 cho\u0107 s\u0105 to jedne z najpopularniejszych zaburze\u0144 neurorozwojowych, wci\u0105\u017c wiele os\u00f3b zastanawia si\u0119, czy wyst\u0119puj\u0105 r\u00f3\u017cnice w edukacji i rehabilitacji os\u00f3b, u kt\u00f3rych je stwierdzono.<\/p>\n\n\n\n<h2 class=\"wp-block-heading\"><span class=\"ez-toc-section\" id=\"Klasyfikacja_%E2%80%93_Asperger_a_autyzm\"><\/span>Klasyfikacja \u2013 Asperger a autyzm<span class=\"ez-toc-section-end\"><\/span><\/h2>\n\n\n\n<p>Wed\u0142ug ICD-11<strong> autyzm to ca\u0142o\u015bciowe zaburzenie rozwoju, kt\u00f3re cechuje si\u0119 upo\u015bledzeniem b\u0105d\u017a nieprawid\u0142owo\u015bciami pojawiaj\u0105cymi si\u0119 jeszcze przed 3. rokiem \u017cycia w zakresie:<\/strong><\/p>\n\n\n\n<ul class=\"wp-block-list\">\n<li>komunikacji,<\/li>\n\n\n\n<li>interakcji spo\u0142ecznych,<\/li>\n\n\n\n<li>zachowania.<\/li>\n<\/ul>\n\n\n\n<p>Z kolei zesp\u00f3\u0142 Aspergera zgodnie z klasyfikacj\u0105 DSM-V, a tak\u017ce ICD-11 jest zaliczany do grupy zaburze\u0144, <strong>kt\u00f3re mieszcz\u0105 si\u0119 w spektrum autyzmu<\/strong>. Zaburzenia te maj\u0105 r\u00f3\u017cnorodny charakter i nie tworz\u0105 jednolitych symptom\u00f3w oraz g\u0142\u0119boko\u015bci deficyt\u00f3w. Aktualnie cz\u0119sto w diagnostyce wykorzystuje si\u0119 stwierdzenia spektrum zaburze\u0144 autystycznych, jednak nazwa ta nie jest do ko\u0144ca precyzyjna. Szczeg\u00f3lnie w odniesieniu do zespo\u0142u Aspergera \u2013 <strong>mimo, i\u017c si\u0119 w nim mie\u015bci, to ma r\u00f3wnie\u017c swoje specyficzne symptomy.<\/strong><\/p>\n\n\n\n<figure class=\"wp-block-image\"><a id=\"blog-art-banner\" href=\"https:\/\/studia-online.pl\/studia\/podyplomowe\/edukacja-i-rehabilitacja-osob-z-niepelnosprawnoscia-intelektualna-oligofrenopedagogika-autyzmem-oraz-zespolem-aspergera-3-sem\/4868462\" title=\"Sprawd\u017a kierunek Edukacja i rehabilitacja os\u00f3b z niepe\u0142nosprawno\u015bci\u0105 intelektualn\u0105 (Oligofrenopedagogika), autyzmem oraz zespo\u0142em Aspergera (4 sem)\"><img loading=\"lazy\" decoding=\"async\" width=\"694\" height=\"151\" src=\"\/aktualnosci\/wp-content\/uploads\/2021\/09\/baner_blog_artykul.jpg\" alt=\"Sprawd\u017a kierunek studi\u00f3w podyplomowych\" class=\"wp-image-5232\" srcset=\"https:\/\/studia-online.pl\/aktualnosci\/wp-content\/uploads\/2021\/09\/baner_blog_artykul.jpg 694w, https:\/\/studia-online.pl\/aktualnosci\/wp-content\/uploads\/2021\/09\/baner_blog_artykul-300x65.jpg 300w\" sizes=\"auto, (max-width: 694px) 100vw, 694px\" \/><\/a><\/figure>\n\n\n\n<h2 class=\"wp-block-heading\"><span class=\"ez-toc-section\" id=\"Roznice_miedzy_zespolem_Aspergera_a_autyzmem\"><\/span>R\u00f3\u017cnice mi\u0119dzy zespo\u0142em Aspergera a autyzmem<span class=\"ez-toc-section-end\"><\/span><\/h2>\n\n\n\n<p>Najwi\u0119ksz\u0105 r\u00f3\u017cnic\u0105 mi\u0119dzy zespo\u0142em Aspergera a autyzmem jest <strong>wy\u017cszy poziom funkcji poznawczych<\/strong> oraz <strong>pos\u0142ugiwania si\u0119 mow\u0105<\/strong>. Nie wyst\u0119puje r\u00f3wnie\u017c og\u00f3lne op\u00f3\u017anienie rozwojowe, charakterystyczne dla autyzmu. Dzieci, u kt\u00f3rych wykryto zesp\u00f3\u0142 Aspergera, pomimo swoich ogranicze\u0144 zachowuj\u0105 umiej\u0119tno\u015bci charakterystyczne dla swojego wieku. Z tego powodu jest on cz\u0119sto nazywany <strong>\u0142agodniejsz\u0105 form\u0105 autyzmu<\/strong>.<br><\/p>\n\n\n\n<p>Z kolei u dzieci funkcjonuj\u0105cych z autyzmem mo\u017cna zauwa\u017cy\u0107 znacznie ni\u017cszy poziom samodzielno\u015bci, wi\u0119ksz\u0105 niepe\u0142nosprawno\u015b\u0107 intelektualn\u0105 i znacznie s\u0142absze umiej\u0119tno\u015bci pos\u0142ugiwania si\u0119 mow\u0105.<\/p>\n\n\n\n<h2 class=\"wp-block-heading\"><span class=\"ez-toc-section\" id=\"Asperger_a_autyzm_%E2%80%93_edukacja\"><\/span>Asperger a autyzm \u2013 edukacja<span class=\"ez-toc-section-end\"><\/span><\/h2>\n\n\n\n<p>W trakcie nauczania oraz wychowania ucznia, u kt\u00f3rego stwierdzono zesp\u00f3\u0142 Aspergera, bardzo wa\u017cne jest <strong>zindywidualizowanie wymaga\u0144, a tak\u017ce metod pracy<\/strong>. Musz\u0105 by\u0107 one adekwatne do ogranicze\u0144, jakie posiada. Edukacyjny sukces ucznia wymagaj\u0105cego zaanga\u017cowania i wsparcia zale\u017cy od stopnia zrozumienia jego problem\u00f3w przez wychowawc\u00f3w i nauczycieli.<\/p>\n\n\n\n<p><strong>Ucze\u0144 z zespo\u0142em Aspergera mo\u017ce kszta\u0142ci\u0107 si\u0119 w szkole og\u00f3lnodost\u0119pnej lub integracyjnej, w kt\u00f3rej pracuje nauczyciel wspomagaj\u0105cy<\/strong>. Istnieje wiele wyzwa\u0144, przed kt\u00f3rymi stoj\u0105 nauczyciele klas, w kt\u00f3rych znajduj\u0105 si\u0119 dzieci z autyzmem oraz zespo\u0142em Aspergera.  Jest to nie tylko konieczno\u015b\u0107 wsparcia w procesie dydaktycznym, ale tak\u017ce zadbanie o integracj\u0119 spo\u0142eczn\u0105 i ograniczenie powracaj\u0105cych zaburze\u0144 na tle emocjonalnym.<\/p>\n\n\n\n<figure class=\"wp-block-image\"><img loading=\"lazy\" decoding=\"async\" width=\"1024\" height=\"650\" src=\"https:\/\/studia-online.pl\/aktualnosci\/wp-content\/uploads\/2022\/07\/image-6-1024x650.png\" alt=\"asperger a autyzm\" class=\"wp-image-6888\" srcset=\"https:\/\/studia-online.pl\/aktualnosci\/wp-content\/uploads\/2022\/07\/image-6-1024x650.png 1024w, https:\/\/studia-online.pl\/aktualnosci\/wp-content\/uploads\/2022\/07\/image-6-300x190.png 300w, https:\/\/studia-online.pl\/aktualnosci\/wp-content\/uploads\/2022\/07\/image-6-768x488.png 768w, https:\/\/studia-online.pl\/aktualnosci\/wp-content\/uploads\/2022\/07\/image-6-696x442.png 696w, https:\/\/studia-online.pl\/aktualnosci\/wp-content\/uploads\/2022\/07\/image-6-1068x678.png 1068w, https:\/\/studia-online.pl\/aktualnosci\/wp-content\/uploads\/2022\/07\/image-6-661x420.png 661w, https:\/\/studia-online.pl\/aktualnosci\/wp-content\/uploads\/2022\/07\/image-6.png 1208w\" sizes=\"auto, (max-width: 1024px) 100vw, 1024px\" \/><\/figure>\n\n\n\n<p><strong>Zadania nauczycieli pracuj\u0105cych z dzieckiem, u kt\u00f3rego zdiagnozowano autyzm lub zesp\u00f3\u0142 Aspergera, maj\u0105 wiele wsp\u00f3lnych cech.<\/strong> Do najwa\u017cniejszych z nich nale\u017cy:<br><\/p>\n\n\n\n<ul class=\"wp-block-list\">\n<li>wspomaganie dziecka w zakresie rozwoju umiej\u0119tno\u015bci organizacji i uczenia si\u0119,<\/li>\n\n\n\n<li>wykorzystywanie modelu opartego na do\u015bwiadczeniu (np. informacje poparte tekstem lub obrazem),<\/li>\n\n\n\n<li>kreatywne wzbudzanie zainteresowania u uczni\u00f3w,<\/li>\n\n\n\n<li>wspomaganie rozwoju s\u0142ownictwa i rozumienia poj\u0119\u0107,<\/li>\n\n\n\n<li>brak uwag i negatywnych ocen za zachowanie spowodowane objawami choroby,<\/li>\n\n\n\n<li>praca z uczniem w oparciu o \u201epozytywne wzmocnienia\u201d \u2013 w postaci pochwa\u0142, nagr\u00f3d.<\/li>\n<\/ul>\n\n\n\n<h2 class=\"wp-block-heading\"><span class=\"ez-toc-section\" id=\"Rehabilitacja_%E2%80%93_Asperger_a_autyzm\"><\/span>Rehabilitacja \u2013 Asperger a autyzm<br><span class=\"ez-toc-section-end\"><\/span><\/h2>\n\n\n\n<p>Z uwagi na to, \u017ce zesp\u00f3\u0142 Aspergera to zaburzenia ze spektrum autyzmu, <strong>rehabilitacja przebiega w podobny spos\u00f3b<\/strong>. Aby przygotowa\u0107 te osoby do funkcjonowania w spo\u0142ecze\u0144stwie, wykorzystuje si\u0119 m.in.:<\/p>\n\n\n\n<ul class=\"wp-block-list\">\n<li>terapi\u0119 behawioraln\u0105,<\/li>\n\n\n\n<li>terapi\u0119 poznawcz\u0105,<\/li>\n\n\n\n<li>terapi\u0119 j\u0119zykow\u0105,<\/li>\n\n\n\n<li>zaj\u0119cia integracji sensorycznej.<\/li>\n<\/ul>\n\n\n\n<h2 class=\"wp-block-heading\"><span class=\"ez-toc-section\" id=\"Studia_podyplomowe_po_licencjacie_%E2%80%93_dla_pedagogow_i_nie_tylko\"><\/span>Studia podyplomowe po licencjacie \u2013 dla pedagog\u00f3w i nie tylko<br><span class=\"ez-toc-section-end\"><\/span><\/h2>\n\n\n\n<p>Tego typu zaj\u0119cia mog\u0105 przeprowadza\u0107 tylko osoby posiadaj\u0105ce odpowiednie kwalifikacje. Z tego powodu Wy\u017csza Szko\u0142a Kszta\u0142cenia Zawodowego przygotowa\u0142a kierunek <strong>Edukacja i rehabilitacja os\u00f3b z niepe\u0142nosprawno\u015bci\u0105 intelektualn\u0105<\/strong>, kt\u00f3ry skierowany jest dla absolwent\u00f3w studi\u00f3w wy\u017cszych, w tym nauczycieli, pedagog\u00f3w, psycholog\u00f3w oraz oligofrenopedagog\u00f3w, kt\u00f3rzy chc\u0105 rozwin\u0105\u0107 swoj\u0105 wiedz\u0119 i umiej\u0119tno\u015bci w tym zakresie.<\/p>\n\n\n\n<p>Na studia z tego niezwykle perspektywicznego obszaru, jakim jest <a href=\"https:\/\/studia-online.pl\/studia\/podyplomowe\/edukacja-i-rehabilitacja-osob-z-niepelnosprawnoscia-intelektualna-oligofrenopedagogika-autyzmem-oraz-zespolem-aspergera-3-sem\/4868462\">pedagogika specjalna<\/a>, mog\u0105 zapisa\u0107 si\u0119 osoby posiadaj\u0105ce przygotowanie pedagogiczne. W przypadku jego braku, uczelnia umo\u017cliwia zapisy r\u00f3wnolegle na dwa kierunki, dzi\u0119ki czemu wymagane kwalifikacje mog\u0105 zdoby\u0107 r\u00f3wnie\u017c absolwenci studi\u00f3w wy\u017cszych spoza dziedziny pedagogiki.<\/p>\n","protected":false},"excerpt":{"rendered":"<p>Nasilenie chor\u00f3b oraz zaburze\u0144 u dzieci i doros\u0142ych jest jednym z najwa\u017cniejszych problem\u00f3w wsp\u00f3\u0142czesnego \u015bwiata. Negatywne skutki zwi\u0105zane z zanieczyszczeniem \u015brodowiska, ograniczenie aktywno\u015bci fizycznej, jak r\u00f3wnie\u017c wzrost napi\u0119cia nerwowego &#8211; to tylko nieliczne czynniki wp\u0142ywaj\u0105ce na rozw\u00f3j chor\u00f3b cywilizacyjnych. W\u015br\u00f3d nich znajduje si\u0119 wiele zaburze\u0144, z kt\u00f3rymi musz\u0105 sobie radzi\u0107 zar\u00f3wno dzieci, jak i doro\u015bli. [&hellip;]<\/p>\n","protected":false},"author":11,"featured_media":6890,"comment_status":"closed","ping_status":"closed","sticky":false,"template":"","format":"standard","meta":{"_lmt_disableupdate":"","_lmt_disable":"","footnotes":""},"categories":[7204],"tags":[3473,3469,3413],"class_list":["post-6882","post","type-post","status-publish","format-standard","has-post-thumbnail","hentry","category-pedagogika-specjalna","tag-autyzm","tag-edukacja-i-rehabilitacja-osob-zespol-aspergera-online","tag-oligofrenopedagogika-online"],"modified_by":"Agnieszka","_links":{"self":[{"href":"https:\/\/studia-online.pl\/aktualnosci\/wp-json\/wp\/v2\/posts\/6882","targetHints":{"allow":["GET"]}}],"collection":[{"href":"https:\/\/studia-online.pl\/aktualnosci\/wp-json\/wp\/v2\/posts"}],"about":[{"href":"https:\/\/studia-online.pl\/aktualnosci\/wp-json\/wp\/v2\/types\/post"}],"author":[{"embeddable":true,"href":"https:\/\/studia-online.pl\/aktualnosci\/wp-json\/wp\/v2\/users\/11"}],"replies":[{"embeddable":true,"href":"https:\/\/studia-online.pl\/aktualnosci\/wp-json\/wp\/v2\/comments?post=6882"}],"version-history":[{"count":8,"href":"https:\/\/studia-online.pl\/aktualnosci\/wp-json\/wp\/v2\/posts\/6882\/revisions"}],"predecessor-version":[{"id":15553,"href":"https:\/\/studia-online.pl\/aktualnosci\/wp-json\/wp\/v2\/posts\/6882\/revisions\/15553"}],"wp:featuredmedia":[{"embeddable":true,"href":"https:\/\/studia-online.pl\/aktualnosci\/wp-json\/wp\/v2\/media\/6890"}],"wp:attachment":[{"href":"https:\/\/studia-online.pl\/aktualnosci\/wp-json\/wp\/v2\/media?parent=6882"}],"wp:term":[{"taxonomy":"category","embeddable":true,"href":"https:\/\/studia-online.pl\/aktualnosci\/wp-json\/wp\/v2\/categories?post=6882"},{"taxonomy":"post_tag","embeddable":true,"href":"https:\/\/studia-online.pl\/aktualnosci\/wp-json\/wp\/v2\/tags?post=6882"}],"curies":[{"name":"wp","href":"https:\/\/api.w.org\/{rel}","templated":true}]}}