{"id":6847,"date":"2022-07-02T12:05:07","date_gmt":"2022-07-02T10:05:07","guid":{"rendered":"https:\/\/studia-online.pl\/aktualnosci\/?p=6847"},"modified":"2022-07-01T12:27:49","modified_gmt":"2022-07-01T10:27:49","slug":"oligofrenia-rozpoznanie-i-terapia","status":"publish","type":"post","link":"https:\/\/studia-online.pl\/aktualnosci\/oligofrenia-rozpoznanie-i-terapia\/","title":{"rendered":"Oligofrenia  &#8211; rozpoznanie i terapia"},"content":{"rendered":"<div id=\"ez-toc-container\" class=\"ez-toc-v2_0_76 counter-hierarchy ez-toc-counter ez-toc-grey ez-toc-container-direction\">\n<div class=\"ez-toc-title-container\">\n<span class=\"ez-toc-title-toggle\"><a href=\"#\" class=\"ez-toc-pull-right ez-toc-btn ez-toc-btn-xs ez-toc-btn-default ez-toc-toggle\" aria-label=\"Toggle Table of Content\"><span class=\"ez-toc-js-icon-con\"><span class=\"\"><span class=\"eztoc-hide\" style=\"display:none;\">Toggle<\/span><span class=\"ez-toc-icon-toggle-span\"><svg style=\"fill: #999;color:#999\" xmlns=\"http:\/\/www.w3.org\/2000\/svg\" class=\"list-377408\" width=\"20px\" height=\"20px\" viewBox=\"0 0 24 24\" fill=\"none\"><path d=\"M6 6H4v2h2V6zm14 0H8v2h12V6zM4 11h2v2H4v-2zm16 0H8v2h12v-2zM4 16h2v2H4v-2zm16 0H8v2h12v-2z\" fill=\"currentColor\"><\/path><\/svg><svg style=\"fill: #999;color:#999\" class=\"arrow-unsorted-368013\" xmlns=\"http:\/\/www.w3.org\/2000\/svg\" width=\"10px\" height=\"10px\" viewBox=\"0 0 24 24\" version=\"1.2\" baseProfile=\"tiny\"><path d=\"M18.2 9.3l-6.2-6.3-6.2 6.3c-.2.2-.3.4-.3.7s.1.5.3.7c.2.2.4.3.7.3h11c.3 0 .5-.1.7-.3.2-.2.3-.5.3-.7s-.1-.5-.3-.7zM5.8 14.7l6.2 6.3 6.2-6.3c.2-.2.3-.5.3-.7s-.1-.5-.3-.7c-.2-.2-.4-.3-.7-.3h-11c-.3 0-.5.1-.7.3-.2.2-.3.5-.3.7s.1.5.3.7z\"\/><\/svg><\/span><\/span><\/span><\/a><\/span><\/div>\n<nav><ul class='ez-toc-list ez-toc-list-level-1 ' ><li class='ez-toc-page-1 ez-toc-heading-level-2'><a class=\"ez-toc-link ez-toc-heading-1\" href=\"https:\/\/studia-online.pl\/aktualnosci\/oligofrenia-rozpoznanie-i-terapia\/#Oligofrenia_%E2%80%93_co_to_jest\" >Oligofrenia \u2013 co to jest?<\/a><\/li><li class='ez-toc-page-1 ez-toc-heading-level-2'><a class=\"ez-toc-link ez-toc-heading-2\" href=\"https:\/\/studia-online.pl\/aktualnosci\/oligofrenia-rozpoznanie-i-terapia\/#Oligofrenia_%E2%80%93_rozpoznanie\" >Oligofrenia \u2013 rozpoznanie<\/a><\/li><li class='ez-toc-page-1 ez-toc-heading-level-2'><a class=\"ez-toc-link ez-toc-heading-3\" href=\"https:\/\/studia-online.pl\/aktualnosci\/oligofrenia-rozpoznanie-i-terapia\/#Przyczyny_oligofrenii\" >Przyczyny oligofrenii<\/a><\/li><li class='ez-toc-page-1 ez-toc-heading-level-2'><a class=\"ez-toc-link ez-toc-heading-4\" href=\"https:\/\/studia-online.pl\/aktualnosci\/oligofrenia-rozpoznanie-i-terapia\/#Oligofrenia_%E2%80%93_leczenie\" >Oligofrenia \u2013 leczenie<\/a><\/li><li class='ez-toc-page-1 ez-toc-heading-level-2'><a class=\"ez-toc-link ez-toc-heading-5\" href=\"https:\/\/studia-online.pl\/aktualnosci\/oligofrenia-rozpoznanie-i-terapia\/#Studia_podyplomowe_oligofrenopedagogika\" >Studia podyplomowe oligofrenopedagogika<\/a><\/li><\/ul><\/nav><\/div>\n\n<p>Szacuje si\u0119, \u017ce w naszym kraju z niepe\u0142nosprawno\u015bci\u0105 \u017cyje <strong>ponad 3 miliony os\u00f3b<\/strong>. W rzeczywisto\u015bci mo\u017ce by\u0107 to jednak nawet dwa razy wi\u0119cej. Du\u017c\u0105 cz\u0119\u015b\u0107 z tej grupy stanowi\u0105 osoby borykaj\u0105ce si\u0119 z niepe\u0142nosprawno\u015bci\u0105 intelektualn\u0105, nazywan\u0105 r\u00f3wnie\u017c oligofreni\u0105. Wed\u0142ug DSM-V, czyli klasyfikacji zaburze\u0144 psychicznych stworzonej przez Ameryka\u0144skie Towarzystwo Psychiatryczne, s\u0105 to osoby wykazuj\u0105ce<strong> ni\u017cszy od przeci\u0119tnego poziom funkcjonowania intelektualnego<\/strong>. Oligofrenia utrudnia nie tylko komunikacj\u0119 z innymi, ale cz\u0119sto r\u00f3wnie\u017c ogranicza chorego w codziennym funkcjonowaniu. Pomoc w przystosowaniu os\u00f3b, u kt\u00f3rych wykryto tego typu nieprawid\u0142owo\u015bci niesie <strong>oligofrenopedagog<\/strong>, kt\u00f3ry pomaga nie tylko w przystosowaniu do codziennych czynno\u015bci, ale r\u00f3wnie\u017c do nauki i podj\u0119cia zatrudnienia. <\/p>\n\n\n\n<h2 class=\"wp-block-heading\"><span class=\"ez-toc-section\" id=\"Oligofrenia_%E2%80%93_co_to_jest\"><\/span>Oligofrenia \u2013 co to jest?<span class=\"ez-toc-section-end\"><\/span><\/h2>\n\n\n\n<p>Na przestrzeni ostatnich lat terminologia zwi\u0105zana z\nniepe\u0142nosprawno\u015bci\u0105 intelektualn\u0105 uleg\u0142a sporym zmianom. W naszym kraju u\u017cywano\nzamiennie termin\u00f3w \u201eupo\u015bledzenie umys\u0142owe\u201d czy \u201eop\u00f3\u017anienie w rozwoju\numys\u0142owym\u201d. Aktualnie coraz cz\u0119\u015bciej stosuje si\u0119 okre\u015blenia \u201eoligofrenia\u201d oraz\n\u201eniepe\u0142nosprawno\u015b\u0107 intelektualna\u201d.<\/p>\n\n\n\n<p>Wed\u0142ug DSM-V <strong>oligofrenia <\/strong>obejmuje braki w obszarze funkcjonowania intelektualnego oraz przystosowawczego w zakresie dotycz\u0105cym rozumienia poj\u0119\u0107, funkcjonowania w \u017cyciu spo\u0142ecznym, a tak\u017ce w dziedzinach praktycznych. <\/p>\n\n\n\n<p><strong>Niepe\u0142nosprawno\u015b\u0107 intelektualna<\/strong> to zaburzenie rozwojowe, kt\u00f3re wyst\u0119puje stosunkowo cz\u0119sto i dotyczy od 1 do 3% populacji. Wraz z oligofreni\u0105 cz\u0119sto wyst\u0119puj\u0105 tak\u017ce inne zaburzenia rozwojowe, wady wrodzone i inne niepe\u0142nosprawno\u015bci (np. padaczka, zaburzenia psychiczne, wady wzroku i s\u0142uchu).<\/p>\n\n\n\n<figure class=\"wp-block-image\"><a id=\"blog-art-banner\" href=\"https:\/\/studia-online.pl\/kursy\/630\" title=\"Sprawd\u017a kierunek Edukacja i rehabilitacja os\u00f3b z niepe\u0142nosprawno\u015bci\u0105 intelektualn\u0105 (Oligofrenopedagogika)\"><img loading=\"lazy\" decoding=\"async\" width=\"694\" height=\"151\" src=\"\/aktualnosci\/wp-content\/uploads\/2021\/09\/baner_blog_artykul.jpg\" alt=\"Sprawd\u017a kierunek studi\u00f3w podyplomowych\" class=\"wp-image-5232\" srcset=\"https:\/\/studia-online.pl\/aktualnosci\/wp-content\/uploads\/2021\/09\/baner_blog_artykul.jpg 694w, https:\/\/studia-online.pl\/aktualnosci\/wp-content\/uploads\/2021\/09\/baner_blog_artykul-300x65.jpg 300w\" sizes=\"auto, (max-width: 694px) 100vw, 694px\" \/><\/a><\/figure>\n\n\n\n<h2 class=\"wp-block-heading\"><span class=\"ez-toc-section\" id=\"Oligofrenia_%E2%80%93_rozpoznanie\"><\/span>Oligofrenia \u2013 rozpoznanie<span class=\"ez-toc-section-end\"><\/span><\/h2>\n\n\n\n<p>Aby uzna\u0107 dan\u0105 osob\u0119 za niepe\u0142nosprawn\u0105 intelektualnie, musz\u0105 zosta\u0107 spe\u0142nione trzy <strong>kryteria diagnostyczne<\/strong>. U chorego musz\u0105 zosta\u0107 wykryte:<\/p>\n\n\n\n<ul class=\"wp-block-list\"><li>braki w funkcjonowaniu intelektualnym (problemy\nz planowaniem, my\u015bleniem abstrakcyjnym, wyci\u0105ganiem wniosk\u00f3w, uczeniem si\u0119),<\/li><li>deficyty w przystosowaniu spo\u0142eczno-kulturowym\n(problemy z samodzielnym funkcjonowaniem, odpowiedzialno\u015bci\u0105 za siebie i swoje\ndecyzje, nieradzenie sobie z wymogami stawianymi przez otoczenie,\nnieprzestrzeganie ustalonych norm w spo\u0142eczno\u015bci, trudno\u015bci w nawi\u0105zywaniu\nrelacji interpersonalnych),<\/li><li>deficyty intelektualne oraz przystosowawcze w\nokresie rozwojowym.<\/li><\/ul>\n\n\n\n<h2 class=\"wp-block-heading\"><span class=\"ez-toc-section\" id=\"Przyczyny_oligofrenii\"><\/span>Przyczyny oligofrenii<span class=\"ez-toc-section-end\"><\/span><\/h2>\n\n\n\n<p><strong>Niepe\u0142nosprawno\u015b\u0107 intelektualna<\/strong> wyst\u0119puje najcz\u0119\u015bciej u os\u00f3b z uszkodzeniami kory m\u00f3zgowej w okresie prenatalnym, oko\u0142oporodowym lub wczesnodzieci\u0119cym oraz borykaj\u0105cymi si\u0119 z chorobami:<\/p>\n\n\n\n<ul class=\"wp-block-list\"><li>neurologicznymi (np. dzieci\u0119ce pora\u017cenie\nm\u00f3zgowe, epilepsja),<\/li><li>metabolicznymi,<\/li><li>genetycznymi (zesp\u00f3\u0142 Downa, zesp\u00f3\u0142 Turnera).<\/li><\/ul>\n\n\n\n<p>Przyczyn\u0105 oligofrenii mog\u0105 by\u0107 r\u00f3wnie\u017c <strong>czynniki \u015brodowiskowe<\/strong>, zwi\u0105zane z zaniedbaniem, niekorzystnymi warunkami psychospo\u0142ecznymi czy brakiem odpowiedniej stymulacji rozwojowej. <\/p>\n\n\n\n<figure class=\"wp-block-image\"><img loading=\"lazy\" decoding=\"async\" width=\"898\" height=\"667\" src=\"https:\/\/studia-online.pl\/aktualnosci\/wp-content\/uploads\/2022\/07\/image-2.png\" alt=\"oligofrenia\" class=\"wp-image-6851\" srcset=\"https:\/\/studia-online.pl\/aktualnosci\/wp-content\/uploads\/2022\/07\/image-2.png 898w, https:\/\/studia-online.pl\/aktualnosci\/wp-content\/uploads\/2022\/07\/image-2-300x223.png 300w, https:\/\/studia-online.pl\/aktualnosci\/wp-content\/uploads\/2022\/07\/image-2-768x570.png 768w, https:\/\/studia-online.pl\/aktualnosci\/wp-content\/uploads\/2022\/07\/image-2-80x60.png 80w, https:\/\/studia-online.pl\/aktualnosci\/wp-content\/uploads\/2022\/07\/image-2-265x198.png 265w, https:\/\/studia-online.pl\/aktualnosci\/wp-content\/uploads\/2022\/07\/image-2-696x517.png 696w, https:\/\/studia-online.pl\/aktualnosci\/wp-content\/uploads\/2022\/07\/image-2-565x420.png 565w\" sizes=\"auto, (max-width: 898px) 100vw, 898px\" \/><\/figure>\n\n\n\n<h2 class=\"wp-block-heading\"><span class=\"ez-toc-section\" id=\"Oligofrenia_%E2%80%93_leczenie\"><\/span>Oligofrenia \u2013 leczenie<span class=\"ez-toc-section-end\"><\/span><\/h2>\n\n\n\n<p>Cho\u0107 <strong>oligofrenia <\/strong>to zaburzenie nieodwracalne, szybko podj\u0119te i intensywne leczenie pozwala osobom niepe\u0142nosprawnym intelektualnie znacznie poprawi\u0107 jako\u015b\u0107 \u017cycia. <strong>Terapia dostosowywana jest do indywidualnych potrzeb oraz mo\u017cliwo\u015bci pacjenta i powinna we wszechstronny spos\u00f3b stymulowa\u0107 jego rozw\u00f3j.<\/strong><\/p>\n\n\n\n<p>Edukacj\u0105 i rehabilitacj\u0105 os\u00f3b z niepe\u0142nosprawno\u015bci\u0105\nintelektualn\u0105 zajmuje si\u0119 <strong>oligofrenopedagog<\/strong>. W zwi\u0105zku z rosn\u0105cym\nzapotrzebowaniem na specjalist\u00f3w z tego zakresu, Wy\u017csza Szko\u0142a Kszta\u0142cenia\nZawodowego przygotowa\u0142a studia podyplomowe o charakterze kwalifikacyjnym.\nAbsolwenci uzyskuj\u0105 kwalifikacje do podj\u0119cia pracy m.in. jako oligofrenopedagog\nw:<\/p>\n\n\n\n<ul class=\"wp-block-list\"><li>o\u015brodkach\nrehabilitacyjno-edukacyjno-wychowawczych,<\/li><li>poradniach psychologiczno-pedagogicznych,<\/li><li>pozosta\u0142ych plac\u00f3wkach, w kt\u00f3rych realizowany\njest proces rehabilitacyjno-edukacyjno-wychowawczy.<\/li><\/ul>\n\n\n\n<h2 class=\"wp-block-heading\"><span class=\"ez-toc-section\" id=\"Studia_podyplomowe_oligofrenopedagogika\"><\/span>Studia podyplomowe oligofrenopedagogika<span class=\"ez-toc-section-end\"><\/span><\/h2>\n\n\n\n<p>S\u0142uchacze w trakcie <strong>3 semestr\u00f3w <\/strong>zdob\u0119d\u0105 wiedz\u0119 i umiej\u0119tno\u015bci z zakresu dydaktyki i pedagogiki specjalnej,&nbsp; a tak\u017ce poznaj\u0105 metody nauczania i wychowania uczni\u00f3w z niepe\u0142nosprawno\u015bci\u0105 intelektualn\u0105. Program studi\u00f3w zawiera tak\u017ce bardzo istotne zagadnienia zwi\u0105zane z organizacj\u0105 pomocy psychologiczno-pedagogicznej oraz elementy<strong> psychologii klinicznej<\/strong> oraz <strong>psychopatologii<\/strong>. <\/p>\n\n\n\n<p>Wi\u0119cej informacji na temat studi\u00f3w znajdziesz na stronie <a href=\"https:\/\/studia-online.pl\/kursy\/630\" title=\"Zobacz stron\u0119 kierunku Edukacja i rehabilitacja os\u00f3b z niepe\u0142nosprawno\u015bci\u0105 intelektualn\u0105 (Oligofrenopedagogika)\">Oligofrenopedagogika studia\npodyplomowe<\/a>. <\/p>\n","protected":false},"excerpt":{"rendered":"<p>Szacuje si\u0119, \u017ce w naszym kraju z niepe\u0142nosprawno\u015bci\u0105 \u017cyje ponad 3 miliony os\u00f3b. W rzeczywisto\u015bci mo\u017ce by\u0107 to jednak nawet dwa razy wi\u0119cej. Du\u017c\u0105 cz\u0119\u015b\u0107 z tej grupy stanowi\u0105 osoby borykaj\u0105ce si\u0119 z niepe\u0142nosprawno\u015bci\u0105 intelektualn\u0105, nazywan\u0105 r\u00f3wnie\u017c oligofreni\u0105. Wed\u0142ug DSM-V, czyli klasyfikacji zaburze\u0144 psychicznych stworzonej przez Ameryka\u0144skie Towarzystwo Psychiatryczne, s\u0105 to osoby wykazuj\u0105ce ni\u017cszy od [&hellip;]<\/p>\n","protected":false},"author":11,"featured_media":6853,"comment_status":"closed","ping_status":"closed","sticky":false,"template":"","format":"standard","meta":{"_lmt_disableupdate":"","_lmt_disable":"","footnotes":""},"categories":[7204],"tags":[3413,7711,7884],"class_list":["post-6847","post","type-post","status-publish","format-standard","has-post-thumbnail","hentry","category-pedagogika-specjalna","tag-oligofrenopedagogika-online","tag-oligofrenopedagogika-studia","tag-studia-podyplomowe-oligofrenopedagogika"],"modified_by":"Ernest","_links":{"self":[{"href":"https:\/\/studia-online.pl\/aktualnosci\/wp-json\/wp\/v2\/posts\/6847","targetHints":{"allow":["GET"]}}],"collection":[{"href":"https:\/\/studia-online.pl\/aktualnosci\/wp-json\/wp\/v2\/posts"}],"about":[{"href":"https:\/\/studia-online.pl\/aktualnosci\/wp-json\/wp\/v2\/types\/post"}],"author":[{"embeddable":true,"href":"https:\/\/studia-online.pl\/aktualnosci\/wp-json\/wp\/v2\/users\/11"}],"replies":[{"embeddable":true,"href":"https:\/\/studia-online.pl\/aktualnosci\/wp-json\/wp\/v2\/comments?post=6847"}],"version-history":[{"count":5,"href":"https:\/\/studia-online.pl\/aktualnosci\/wp-json\/wp\/v2\/posts\/6847\/revisions"}],"predecessor-version":[{"id":6854,"href":"https:\/\/studia-online.pl\/aktualnosci\/wp-json\/wp\/v2\/posts\/6847\/revisions\/6854"}],"wp:featuredmedia":[{"embeddable":true,"href":"https:\/\/studia-online.pl\/aktualnosci\/wp-json\/wp\/v2\/media\/6853"}],"wp:attachment":[{"href":"https:\/\/studia-online.pl\/aktualnosci\/wp-json\/wp\/v2\/media?parent=6847"}],"wp:term":[{"taxonomy":"category","embeddable":true,"href":"https:\/\/studia-online.pl\/aktualnosci\/wp-json\/wp\/v2\/categories?post=6847"},{"taxonomy":"post_tag","embeddable":true,"href":"https:\/\/studia-online.pl\/aktualnosci\/wp-json\/wp\/v2\/tags?post=6847"}],"curies":[{"name":"wp","href":"https:\/\/api.w.org\/{rel}","templated":true}]}}