{"id":6696,"date":"2022-06-01T09:47:53","date_gmt":"2022-06-01T07:47:53","guid":{"rendered":"https:\/\/studia-online.pl\/aktualnosci\/?p=6696"},"modified":"2022-06-09T11:38:00","modified_gmt":"2022-06-09T09:38:00","slug":"jak-leczyc-zaburzenia-integracji-sensorycznej","status":"publish","type":"post","link":"https:\/\/studia-online.pl\/aktualnosci\/jak-leczyc-zaburzenia-integracji-sensorycznej\/","title":{"rendered":"Jak leczy\u0107 zaburzenia integracji sensorycznej?"},"content":{"rendered":"<div id=\"ez-toc-container\" class=\"ez-toc-v2_0_76 counter-hierarchy ez-toc-counter ez-toc-grey ez-toc-container-direction\">\n<div class=\"ez-toc-title-container\">\n<span class=\"ez-toc-title-toggle\"><a href=\"#\" class=\"ez-toc-pull-right ez-toc-btn ez-toc-btn-xs ez-toc-btn-default ez-toc-toggle\" aria-label=\"Toggle Table of Content\"><span class=\"ez-toc-js-icon-con\"><span class=\"\"><span class=\"eztoc-hide\" style=\"display:none;\">Toggle<\/span><span class=\"ez-toc-icon-toggle-span\"><svg style=\"fill: #999;color:#999\" xmlns=\"http:\/\/www.w3.org\/2000\/svg\" class=\"list-377408\" width=\"20px\" height=\"20px\" viewBox=\"0 0 24 24\" fill=\"none\"><path d=\"M6 6H4v2h2V6zm14 0H8v2h12V6zM4 11h2v2H4v-2zm16 0H8v2h12v-2zM4 16h2v2H4v-2zm16 0H8v2h12v-2z\" fill=\"currentColor\"><\/path><\/svg><svg style=\"fill: #999;color:#999\" class=\"arrow-unsorted-368013\" xmlns=\"http:\/\/www.w3.org\/2000\/svg\" width=\"10px\" height=\"10px\" viewBox=\"0 0 24 24\" version=\"1.2\" baseProfile=\"tiny\"><path d=\"M18.2 9.3l-6.2-6.3-6.2 6.3c-.2.2-.3.4-.3.7s.1.5.3.7c.2.2.4.3.7.3h11c.3 0 .5-.1.7-.3.2-.2.3-.5.3-.7s-.1-.5-.3-.7zM5.8 14.7l6.2 6.3 6.2-6.3c.2-.2.3-.5.3-.7s-.1-.5-.3-.7c-.2-.2-.4-.3-.7-.3h-11c-.3 0-.5.1-.7.3-.2.2-.3.5-.3.7s.1.5.3.7z\"\/><\/svg><\/span><\/span><\/span><\/a><\/span><\/div>\n<nav><ul class='ez-toc-list ez-toc-list-level-1 ' ><li class='ez-toc-page-1 ez-toc-heading-level-2'><a class=\"ez-toc-link ez-toc-heading-1\" href=\"https:\/\/studia-online.pl\/aktualnosci\/jak-leczyc-zaburzenia-integracji-sensorycznej\/#Co_to_jest_integracja_sensoryczna\" >Co to jest integracja sensoryczna?<\/a><\/li><li class='ez-toc-page-1 ez-toc-heading-level-2'><a class=\"ez-toc-link ez-toc-heading-2\" href=\"https:\/\/studia-online.pl\/aktualnosci\/jak-leczyc-zaburzenia-integracji-sensorycznej\/#Jakie_sa_najczestsze_zaburzenia_integracji_sensorycznej\" >Jakie s\u0105 najcz\u0119stsze zaburzenia integracji sensorycznej?<\/a><\/li><li class='ez-toc-page-1 ez-toc-heading-level-2'><a class=\"ez-toc-link ez-toc-heading-3\" href=\"https:\/\/studia-online.pl\/aktualnosci\/jak-leczyc-zaburzenia-integracji-sensorycznej\/#Jak_wyciszyc_tiki_u_dziecka_%E2%80%93_terapia_SI\" >Jak wyciszy\u0107 tiki u dziecka \u2013 terapia SI<\/a><\/li><li class='ez-toc-page-1 ez-toc-heading-level-2'><a class=\"ez-toc-link ez-toc-heading-4\" href=\"https:\/\/studia-online.pl\/aktualnosci\/jak-leczyc-zaburzenia-integracji-sensorycznej\/#Zajecia_sensoryczne_dla_dzieci\" >Zaj\u0119cia sensoryczne dla dzieci<\/a><\/li><\/ul><\/nav><\/div>\n\n<p>W \u017cyciu ka\u017cdego cz\u0142owieka, zw\u0142aszcza dziecka, zmys\u0142y odgrywaj\u0105 bardzo wa\u017cn\u0105 rol\u0119 i to w\u0142a\u015bnie za ich po\u015brednictwem najm\u0142odsi poznaj\u0105 \u015bwiat \u2013 przez dotyk, kt\u00f3ry umo\u017cliwia pierwszy kontakt z otoczeniem, przez s\u0142uch wraz z pierwszym us\u0142yszanym d\u017awi\u0119kiem, a\u017c po zmys\u0142y w\u0119chu i smaku towarzysz\u0105ce przez reszt\u0119 \u017cycia podczas odr\u00f3\u017cniania zapach\u00f3w i smak\u00f3w. Integracja sensoryczna pozwala segregowa\u0107, rozpoznawa\u0107 oraz interpretowa\u0107 bod\u017ace zmys\u0142owe, a tak\u017ce por\u00f3wnywa\u0107 je do do\u015bwiadcze\u0144 z przesz\u0142o\u015bci. Niestety coraz cz\u0119\u015bciej zauwa\u017ca si\u0119 pewne nieprawid\u0142owo\u015bci w tym zakresie. Wyst\u0119puj\u0105ce <strong>zaburzenia integracji sensorycznej <\/strong>mo\u017cna jednak <strong>efektywnie zniwelowa\u0107<\/strong>. Specjalne terapie, dobierane indywidualnie do ka\u017cdego z pacjent\u00f3w, mog\u0105 przeprowadza\u0107 osoby posiadaj\u0105ce odpowiednie kwalifikacje oraz niezb\u0119dn\u0105 wiedz\u0119 z tego obszaru.<br><\/p>\n\n\n\n<h2 class=\"wp-block-heading\"><span class=\"ez-toc-section\" id=\"Co_to_jest_integracja_sensoryczna\"><\/span>Co to jest integracja sensoryczna?<span class=\"ez-toc-section-end\"><\/span><\/h2>\n\n\n\n<p>Integracja sensoryczna to poj\u0119cie stworzone przez ameryka\u0144sk\u0105 uczon\u0105 \u2013 <strong>Jean Ayers<\/strong>, kt\u00f3ra w latach 60. ubieg\u0142ego wieku na podstawie swojej wiedzy z obszaru neurobiologii, pedagogiki, psychologii oraz terapii sformu\u0142owa\u0142a hipotez\u0119 wskazuj\u0105c\u0105 na zwi\u0105zek psychoneurologicznych funkcji w trudno\u015bciach z przyswajaniem wiedzy. Stworzy\u0142a r\u00f3wnie\u017c 18 test\u00f3w badaj\u0105cych dysfunkcje we wspomnianym zakresie. <strong>Za integracj\u0119 sensoryczn\u0105 uwa\u017ca si\u0119 proces, dzi\u0119ki kt\u00f3remu do m\u00f3zgu przekazywana jest informacja pochodz\u0105ca z ka\u017cdego ze zmys\u0142\u00f3w.<\/strong> Nast\u0119pnie informacje te s\u0105 segregowane, rozpoznawane, interpretowane oraz integrowane ze sob\u0105 na podstawie wcze\u015bniejszych do\u015bwiadcze\u0144.<\/p>\n\n\n\n<p>Jean Ayers podkre\u015bla\u0142a, \u017ce <strong>w\u0142a\u015bciwa integracja jest konieczna, aby w prawid\u0142owy spos\u00f3b przebiega\u0142 nie tylko rozw\u00f3j proces\u00f3w czuciowych, s\u0142uchowych, wzorkowych, kinestetycznych oraz przedsionkowych, ale r\u00f3wnie\u017c jest podstaw\u0105 tak\u017ce procesu edukacji,<\/strong> kt\u00f3ra \u2013 w przypadku wyst\u0119puj\u0105cych zaburze\u0144 \u2013 b\u0119dzie sprawia\u0142a dzieciom wiele problem\u00f3w.<\/p>\n\n\n\n<figure class=\"wp-block-image\"><img loading=\"lazy\" decoding=\"async\" width=\"1024\" height=\"608\" src=\"https:\/\/studia-online.pl\/aktualnosci\/wp-content\/uploads\/2022\/06\/image-1024x608.png\" alt=\"zaburzenia integracji sensorycznej\" class=\"wp-image-6706\" srcset=\"https:\/\/studia-online.pl\/aktualnosci\/wp-content\/uploads\/2022\/06\/image-1024x608.png 1024w, https:\/\/studia-online.pl\/aktualnosci\/wp-content\/uploads\/2022\/06\/image-300x178.png 300w, https:\/\/studia-online.pl\/aktualnosci\/wp-content\/uploads\/2022\/06\/image-768x456.png 768w, https:\/\/studia-online.pl\/aktualnosci\/wp-content\/uploads\/2022\/06\/image-696x413.png 696w, https:\/\/studia-online.pl\/aktualnosci\/wp-content\/uploads\/2022\/06\/image-1068x634.png 1068w, https:\/\/studia-online.pl\/aktualnosci\/wp-content\/uploads\/2022\/06\/image-707x420.png 707w, https:\/\/studia-online.pl\/aktualnosci\/wp-content\/uploads\/2022\/06\/image.png 1286w\" sizes=\"auto, (max-width: 1024px) 100vw, 1024px\" \/><\/figure>\n\n\n\n<h2 class=\"wp-block-heading\"><span class=\"ez-toc-section\" id=\"Jakie_sa_najczestsze_zaburzenia_integracji_sensorycznej\"><\/span>Jakie s\u0105 najcz\u0119stsze zaburzenia integracji sensorycznej?<br><span class=\"ez-toc-section-end\"><\/span><\/h2>\n\n\n\n<p>Dysfunkcje integracji sensorycznej najcz\u0119\u015bciej obejmuj\u0105 zaburzenia w zakresie rejestrowania i przetwarzania bod\u017ac\u00f3w w przedsionkowym, proprioceptywnym i dotykowym systemie sensorycznym. <\/p>\n\n\n\n<p><strong>Dysfunkcje najcz\u0119\u015bciej dotycz\u0105:<\/strong><\/p>\n\n\n\n<ul class=\"wp-block-list\"><li>napi\u0119cia mi\u0119\u015bniowego,<\/li><li>funkcji oko\u0142oruchowych,<\/li><li>nieprawid\u0142owego schematu cia\u0142a,<\/li><li>trudno\u015bci w planowaniu ruchu,<\/li><li>reakcji posturalnych. <\/li><\/ul>\n\n\n\n<p><strong>Objawia si\u0119 to najcz\u0119\u015bciej:<\/strong><\/p>\n\n\n\n<ul class=\"wp-block-list\"><li>nadwra\u017cliwo\u015bci\u0105 b\u0105d\u017a niewra\u017cliwo\u015bci\u0105 na dotyk,<\/li><li>nadwra\u017cliwo\u015bci\u0105 s\u0142uchow\u0105,<\/li><li>zaburzeniami r\u00f3wnowagi,<\/li><li>k\u0142opotami z poruszaniem si\u0119,<\/li><li>poszukiwaniem silnych wra\u017ce\u0144,<\/li><li>trudno\u015bciami z m\u00f3wieniem i czytaniem,<\/li><li>nisk\u0105 sprawno\u015bci\u0105 manualn\u0105,<\/li><li>obni\u017conym poziomem graficznym (dziecko mo\u017ce zamienia\u0107 podobne litery),<\/li><li>zaburzeniami emocjonalnymi,<\/li><li>nadpobudliwo\u015bci\u0105 psychoruchow\u0105,<\/li><li>trudno\u015bciami w koncentracji.<\/li><\/ul>\n\n\n\n<figure class=\"wp-block-image\"><a id=\"blog-art-banner\" href=\"https:\/\/studia-online.pl\/kursy\/487\" title=\"Sprawd\u017a kierunek Integracja sensoryczna\"><img loading=\"lazy\" decoding=\"async\" width=\"694\" height=\"151\" src=\"\/aktualnosci\/wp-content\/uploads\/2021\/09\/baner_blog_artykul.jpg\" alt=\"Sprawd\u017a kierunek studi\u00f3w podyplomowych\" class=\"wp-image-5232\" srcset=\"https:\/\/studia-online.pl\/aktualnosci\/wp-content\/uploads\/2021\/09\/baner_blog_artykul.jpg 694w, https:\/\/studia-online.pl\/aktualnosci\/wp-content\/uploads\/2021\/09\/baner_blog_artykul-300x65.jpg 300w\" sizes=\"auto, (max-width: 694px) 100vw, 694px\" \/><\/a><\/figure>\n\n\n\n<h2 class=\"wp-block-heading\"><span class=\"ez-toc-section\" id=\"Jak_wyciszyc_tiki_u_dziecka_%E2%80%93_terapia_SI\"><\/span>Jak wyciszy\u0107 tiki u dziecka \u2013 terapia SI<span class=\"ez-toc-section-end\"><\/span><\/h2>\n\n\n\n<p>Wielu rodzic\u00f3w, kt\u00f3rzy zdiagnozowali u swoich pociech podobne problemy cz\u0119sto szukaj\u0105 odpowiedzi na to <strong>jak wyciszy\u0107 tiki u dziecka<\/strong>. Jak si\u0119 okazuje, leczenie zaburze\u0144 integracji sensorycznej pomaga w bardzo skuteczny spos\u00f3b ograniczy\u0107 niepo\u017c\u0105dane zachowania. Wszystko dzi\u0119ki terapii integracji sensorycznej, kt\u00f3ra mo\u017ce by\u0107 prowadzona jedynie po wcze\u015bniejszych badaniach i tylko przez wykwalifikowanych terapeut\u00f3w.<\/p>\n\n\n\n<p>Terapia ma za zadanie dostarczy\u0107 kontrolowan\u0105 ilo\u015b\u0107 bod\u017ac\u00f3w sensorycznych w taki spos\u00f3b, by dziecko spontanicznie formu\u0142owa\u0142o adaptacyjne reakcje, kt\u00f3re pozwol\u0105 poprawi\u0107 integracj\u0119 tych bod\u017ac\u00f3w. W trakcie terapii relacje zachodz\u0105ce pomi\u0119dzy procesami sensorycznymi a zachowaniem ruchowym w trakcie konkretnych aktywno\u015bci pozwalaj\u0105 kszta\u0142towa\u0107 i poprawia\u0107 po\u0142\u0105czenia synaptyczne w o\u015brodkowych uk\u0142adzie nerwowym.<\/p>\n\n\n\n<h2 class=\"wp-block-heading\"><span class=\"ez-toc-section\" id=\"Zajecia_sensoryczne_dla_dzieci\"><\/span>Zaj\u0119cia sensoryczne dla dzieci<span class=\"ez-toc-section-end\"><\/span><\/h2>\n\n\n\n<p>Zaj\u0119cia integracji sensorycznej odbywaj\u0105 si\u0119 w specjalnie przygotowanej sali. <strong>Bardzo du\u017ce znaczenie ma zar\u00f3wno jej o\u015bwietlenie, kolorystyka, jak i wyposa\u017cenie<\/strong>. W trakcie terapii niezwykle wa\u017cne s\u0105 \u0107wiczenia stymuluj\u0105ce, kt\u00f3re najcz\u0119\u015bciej prowadzone s\u0105 w formie zabawy (np. toczenie si\u0119 po materacu w r\u00f3\u017cnych kierunkach, przewroty, skakanie na pi\u0142kach, turlanie si\u0119 po pod\u0142odze).<\/p>\n\n\n\n<p>Tego typu zaj\u0119cia mog\u0105 by\u0107 prowadzone przez osoby posiadaj\u0105ce niezb\u0119dn\u0105 wiedz\u0119 oraz kwalifikacje. Wy\u017csza Szko\u0142a Kszta\u0142cenia Zawodowego oferuje <a href=\"https:\/\/studia-online.pl\/kursy\/487\" title=\"Zobacz stron\u0119 kierunku integracja sensoryczna\">studia podyplomowe z integracji sensorycznej<\/a> pozwalaj\u0105ce zar\u00f3wno poszerzy\u0107 kompetencje ju\u017c aktywnych terapeut\u00f3w, jak r\u00f3wnie\u017c zdoby\u0107 <a href=\"https:\/\/studia-online.pl\/kursy\/506\/studia\/podyplomowe\/integracja-sensoryczna-diagnoza-i-terapia-dzieci\" title=\"Zobacz stron\u0119 kierunku Integracja sensoryczna - diagnoza i terapia dzieci\">wymagane uprawnienia<\/a> aspiruj\u0105cym pracownikom z tej dziedziny.<\/p>\n","protected":false},"excerpt":{"rendered":"<p>W \u017cyciu ka\u017cdego cz\u0142owieka, zw\u0142aszcza dziecka, zmys\u0142y odgrywaj\u0105 bardzo wa\u017cn\u0105 rol\u0119 i to w\u0142a\u015bnie za ich po\u015brednictwem najm\u0142odsi poznaj\u0105 \u015bwiat \u2013 przez dotyk, kt\u00f3ry umo\u017cliwia pierwszy kontakt z otoczeniem, przez s\u0142uch wraz z pierwszym us\u0142yszanym d\u017awi\u0119kiem, a\u017c po zmys\u0142y w\u0119chu i smaku towarzysz\u0105ce przez reszt\u0119 \u017cycia podczas odr\u00f3\u017cniania zapach\u00f3w i smak\u00f3w. Integracja sensoryczna pozwala segregowa\u0107, [&hellip;]<\/p>\n","protected":false},"author":11,"featured_media":6708,"comment_status":"closed","ping_status":"closed","sticky":false,"template":"","format":"standard","meta":{"_lmt_disableupdate":"","_lmt_disable":"","footnotes":""},"categories":[7208],"tags":[2732,3419,3083],"class_list":["post-6696","post","type-post","status-publish","format-standard","has-post-thumbnail","hentry","category-integracja-sensoryczna","tag-integracja-sensoryczna","tag-integracja-sensoryczna-studia","tag-studia-integracja-sensoryczna"],"modified_by":"Ernest","_links":{"self":[{"href":"https:\/\/studia-online.pl\/aktualnosci\/wp-json\/wp\/v2\/posts\/6696","targetHints":{"allow":["GET"]}}],"collection":[{"href":"https:\/\/studia-online.pl\/aktualnosci\/wp-json\/wp\/v2\/posts"}],"about":[{"href":"https:\/\/studia-online.pl\/aktualnosci\/wp-json\/wp\/v2\/types\/post"}],"author":[{"embeddable":true,"href":"https:\/\/studia-online.pl\/aktualnosci\/wp-json\/wp\/v2\/users\/11"}],"replies":[{"embeddable":true,"href":"https:\/\/studia-online.pl\/aktualnosci\/wp-json\/wp\/v2\/comments?post=6696"}],"version-history":[{"count":13,"href":"https:\/\/studia-online.pl\/aktualnosci\/wp-json\/wp\/v2\/posts\/6696\/revisions"}],"predecessor-version":[{"id":6726,"href":"https:\/\/studia-online.pl\/aktualnosci\/wp-json\/wp\/v2\/posts\/6696\/revisions\/6726"}],"wp:featuredmedia":[{"embeddable":true,"href":"https:\/\/studia-online.pl\/aktualnosci\/wp-json\/wp\/v2\/media\/6708"}],"wp:attachment":[{"href":"https:\/\/studia-online.pl\/aktualnosci\/wp-json\/wp\/v2\/media?parent=6696"}],"wp:term":[{"taxonomy":"category","embeddable":true,"href":"https:\/\/studia-online.pl\/aktualnosci\/wp-json\/wp\/v2\/categories?post=6696"},{"taxonomy":"post_tag","embeddable":true,"href":"https:\/\/studia-online.pl\/aktualnosci\/wp-json\/wp\/v2\/tags?post=6696"}],"curies":[{"name":"wp","href":"https:\/\/api.w.org\/{rel}","templated":true}]}}