{"id":6340,"date":"2022-04-20T09:29:01","date_gmt":"2022-04-20T07:29:01","guid":{"rendered":"https:\/\/studia-online.pl\/aktualnosci\/?p=6340"},"modified":"2022-04-20T09:32:27","modified_gmt":"2022-04-20T07:32:27","slug":"po-jakich-studiach-warto-wybrac-oligofrenopedagogike","status":"publish","type":"post","link":"https:\/\/studia-online.pl\/aktualnosci\/po-jakich-studiach-warto-wybrac-oligofrenopedagogike\/","title":{"rendered":"Po jakich studiach warto wybra\u0107 oligofrenopedagogik\u0119?"},"content":{"rendered":"<div id=\"ez-toc-container\" class=\"ez-toc-v2_0_76 counter-hierarchy ez-toc-counter ez-toc-grey ez-toc-container-direction\">\n<div class=\"ez-toc-title-container\">\n<span class=\"ez-toc-title-toggle\"><a href=\"#\" class=\"ez-toc-pull-right ez-toc-btn ez-toc-btn-xs ez-toc-btn-default ez-toc-toggle\" aria-label=\"Toggle Table of Content\"><span class=\"ez-toc-js-icon-con\"><span class=\"\"><span class=\"eztoc-hide\" style=\"display:none;\">Toggle<\/span><span class=\"ez-toc-icon-toggle-span\"><svg style=\"fill: #999;color:#999\" xmlns=\"http:\/\/www.w3.org\/2000\/svg\" class=\"list-377408\" width=\"20px\" height=\"20px\" viewBox=\"0 0 24 24\" fill=\"none\"><path d=\"M6 6H4v2h2V6zm14 0H8v2h12V6zM4 11h2v2H4v-2zm16 0H8v2h12v-2zM4 16h2v2H4v-2zm16 0H8v2h12v-2z\" fill=\"currentColor\"><\/path><\/svg><svg style=\"fill: #999;color:#999\" class=\"arrow-unsorted-368013\" xmlns=\"http:\/\/www.w3.org\/2000\/svg\" width=\"10px\" height=\"10px\" viewBox=\"0 0 24 24\" version=\"1.2\" baseProfile=\"tiny\"><path d=\"M18.2 9.3l-6.2-6.3-6.2 6.3c-.2.2-.3.4-.3.7s.1.5.3.7c.2.2.4.3.7.3h11c.3 0 .5-.1.7-.3.2-.2.3-.5.3-.7s-.1-.5-.3-.7zM5.8 14.7l6.2 6.3 6.2-6.3c.2-.2.3-.5.3-.7s-.1-.5-.3-.7c-.2-.2-.4-.3-.7-.3h-11c-.3 0-.5.1-.7.3-.2.2-.3.5-.3.7s.1.5.3.7z\"\/><\/svg><\/span><\/span><\/span><\/a><\/span><\/div>\n<nav><ul class='ez-toc-list ez-toc-list-level-1 ' ><li class='ez-toc-page-1 ez-toc-heading-level-2'><a class=\"ez-toc-link ez-toc-heading-1\" href=\"https:\/\/studia-online.pl\/aktualnosci\/po-jakich-studiach-warto-wybrac-oligofrenopedagogike\/#Kim_jest_oligofrenopedagog\" >Kim jest oligofrenopedagog?<\/a><ul class='ez-toc-list-level-3' ><li class='ez-toc-heading-level-3'><a class=\"ez-toc-link ez-toc-heading-2\" href=\"https:\/\/studia-online.pl\/aktualnosci\/po-jakich-studiach-warto-wybrac-oligofrenopedagogike\/#Oligofrenopedagog_podyplomowe_studia_przez_Internet_%E2%80%93_dla_kogo\" >Oligofrenopedagog podyplomowe studia przez Internet \u2013 dla kogo?<\/a><\/li><li class='ez-toc-page-1 ez-toc-heading-level-3'><a class=\"ez-toc-link ez-toc-heading-3\" href=\"https:\/\/studia-online.pl\/aktualnosci\/po-jakich-studiach-warto-wybrac-oligofrenopedagogike\/#Oligofrenopedagogika_podyplomowe_studia_%E2%80%93_co_daja\" >Oligofrenopedagogika podyplomowe studia \u2013 co daj\u0105?<\/a><\/li><\/ul><\/li><li class='ez-toc-page-1 ez-toc-heading-level-2'><a class=\"ez-toc-link ez-toc-heading-4\" href=\"https:\/\/studia-online.pl\/aktualnosci\/po-jakich-studiach-warto-wybrac-oligofrenopedagogike\/#Oligofrenopedagogika_studia_podyplomowe_online\" >Oligofrenopedagogika studia podyplomowe online<\/a><\/li><\/ul><\/nav><\/div>\n\n<p>Oligofrenopedagogika to jeden z dzia\u0142\u00f3w pedagogiki specjalnej, kt\u00f3ry w ostatnim czasie znacznie si\u0119 rozwin\u0105\u0142, a na rynku pracy wida\u0107 wyra\u017ane zapotrzebowanie na osoby posiadaj\u0105ce predyspozycje i udokumentowane kwalifikacje do pracy w tym zawodzie. Na taki stan rzeczy z pewno\u015bci\u0105 ma wp\u0142yw rosn\u0105ca liczba dzieci i m\u0142odzie\u017cy, kt\u00f3ra wymaga specjalnego toku edukacyjnego ze wzgl\u0119du na niepe\u0142nosprawno\u015b\u0107 intelektualn\u0105, a tak\u017ce rosn\u0105ca ilo\u015b\u0107 o\u015brodk\u00f3w i poradni, w kt\u00f3rych prac\u0119 mo\u017ce podj\u0105\u0107 <strong>oligofrenopedagog<\/strong>. Przed rozpocz\u0119ciem pracy w jednej z plac\u00f3wek, musi on posiada\u0107 odpowiednie kwalifikacje. Ich zdobycie umo\u017cliwia realizacja <strong>studi\u00f3w podyplomowych<\/strong> oferowanych przez Wy\u017csz\u0105 Szko\u0142\u0119 Kszta\u0142cenia Zawodowego. Do kogo skierowany jest ten kierunek?<\/p>\n\n\n\n<h2 class=\"wp-block-heading\"><span class=\"ez-toc-section\" id=\"Kim_jest_oligofrenopedagog\"><\/span>Kim jest oligofrenopedagog?<span class=\"ez-toc-section-end\"><\/span><\/h2>\n\n\n\n<p><strong>Oligofrenopedagog <\/strong>to osoba, kt\u00f3ra jest odpowiedzialna za organizacj\u0119 i prowadzenie zaj\u0119\u0107 dydaktyczno-wychowawczych, a tak\u017ce zaj\u0119\u0107 opieku\u0144czych zar\u00f3wno z dzie\u0107mi, jak i m\u0142odzie\u017c\u0105 o r\u00f3\u017cnym stopniu niepe\u0142nosprawno\u015bci intelektualnej. Najcz\u0119\u015bciej specjali\u015bci ci podejmuj\u0105 zatrudnienie w specjalnych oddzia\u0142ach przedszkoli, szk\u00f3\u0142 podstawowych, szk\u00f3\u0142 przysposabiaj\u0105cych do pracy, szk\u00f3\u0142 zawodowych czy o\u015brodkach szkolno-wychowawczych.<\/p>\n\n\n\n<figure class=\"wp-block-image\"><img loading=\"lazy\" decoding=\"async\" width=\"1024\" height=\"657\" src=\"https:\/\/studia-online.pl\/aktualnosci\/wp-content\/uploads\/2022\/04\/image-14-1024x657.png\" alt=\"oligofrenopedagog \" class=\"wp-image-6348\" srcset=\"https:\/\/studia-online.pl\/aktualnosci\/wp-content\/uploads\/2022\/04\/image-14-1024x657.png 1024w, https:\/\/studia-online.pl\/aktualnosci\/wp-content\/uploads\/2022\/04\/image-14-300x192.png 300w, https:\/\/studia-online.pl\/aktualnosci\/wp-content\/uploads\/2022\/04\/image-14-768x493.png 768w, https:\/\/studia-online.pl\/aktualnosci\/wp-content\/uploads\/2022\/04\/image-14-696x446.png 696w, https:\/\/studia-online.pl\/aktualnosci\/wp-content\/uploads\/2022\/04\/image-14-1068x685.png 1068w, https:\/\/studia-online.pl\/aktualnosci\/wp-content\/uploads\/2022\/04\/image-14-655x420.png 655w, https:\/\/studia-online.pl\/aktualnosci\/wp-content\/uploads\/2022\/04\/image-14.png 1266w\" sizes=\"auto, (max-width: 1024px) 100vw, 1024px\" \/><\/figure>\n\n\n\n<h3 class=\"wp-block-heading\"><span class=\"ez-toc-section\" id=\"Oligofrenopedagog_podyplomowe_studia_przez_Internet_%E2%80%93_dla_kogo\"><\/span>Oligofrenopedagog podyplomowe studia przez Internet \u2013 dla kogo?<span class=\"ez-toc-section-end\"><\/span><\/h3>\n\n\n\n<p><a title=\"Zobacz stron\u0119 kierunku Edukacja i rehabilitacja os\u00f3b z niepe\u0142nosprawno\u015bci\u0105 intelektualn\u0105 (Oligofrenopedagogika)\" href=\"https:\/\/studia-online.pl\/kursy\/630\/\"><strong>Studia podyplomowe Oligofrenopedagogika<\/strong><\/a> skierowane s\u0105 w g\u0142\u00f3wnej mierze dla os\u00f3b, kt\u00f3re uko\u0144czy\u0142y studia pedagogiczne \u2013 w tym do pedagog\u00f3w i psycholog\u00f3w, a tak\u017ce os\u00f3b, kt\u00f3re aktualnie pracuj\u0105 jako wychowawca w r\u00f3\u017cnego rodzaju szko\u0142ach i plac\u00f3wkach opieku\u0144czo-wychowawczych oraz resocjalizacyjnych. Studia te oka\u017c\u0105 si\u0119 r\u00f3wnie\u017c \u015bwietnym wyborem dla os\u00f3b, kt\u00f3re aktualnie pracuj\u0105 w poradniach psychologiczno-pedagogicznych.<\/p>\n\n\n\n<p>Na kierunek ten mog\u0105 zapisa\u0107 si\u0119 absolwenci szk\u00f3\u0142 wy\u017cszych, kt\u00f3rzy posiadaj\u0105 <strong>dyplom <\/strong>co najmniej na poziomie <strong>licencjata<\/strong>, a tak\u017ce przygotowanie pedagogiczne. Kandydatami mog\u0105 by\u0107 wi\u0119c osoby, kt\u00f3re posiadaj\u0105 kwalifikacje do nauczania przedmiotu b\u0105d\u017a prowadzenia zaj\u0119\u0107, ale nie posiadaj\u0105 przygotowania w obszarze pedagogiki specjalnej. <strong>Oligofrenopedagogik\u0119 <\/strong>warto wybra\u0107 wi\u0119c <strong>po studiach pedagogicznych<\/strong> oraz <strong>psychologicznych<\/strong>. Absolwenci tych kierunk\u00f3w s\u0105 najlepiej przygotowani pod k\u0105tem merytorycznym, aby kontynuowa\u0107 zdobywanie kwalifikacji w zakresie oligofrenopedagogiki.<\/p>\n\n\n\n<h3 class=\"wp-block-heading\"><span class=\"ez-toc-section\" id=\"Oligofrenopedagogika_podyplomowe_studia_%E2%80%93_co_daja\"><\/span>Oligofrenopedagogika podyplomowe studia \u2013 co daj\u0105?<span class=\"ez-toc-section-end\"><\/span><\/h3>\n\n\n\n<p>Z uwagi na to, \u017ce studia maj\u0105 charakter <strong>kwalifikacyjny<\/strong>, absolwenci opr\u00f3cz niezb\u0119dnej wiedzy i umiej\u0119tno\u015bci niezb\u0119dnych do podj\u0119cia zatrudnienia jako <strong>oligofrenopedagog<\/strong>, zdobywaj\u0105 kwalifikacje do pe\u0142nienia funkcji jako pedagog specjalny w zakresie oligofrenopedagogiki, a tak\u017ce uzyskuj\u0105 kompetencje do pracy w klasach integracyjnych jako nauczyciel wspomagaj\u0105cy ucznia z niepe\u0142nosprawno\u015bci\u0105 intelektualn\u0105.<\/p>\n\n\n\n<figure class=\"wp-block-image\"><a id=\"blog-art-banner\" href=\"https:\/\/studia-online.pl\/kursy\/630\/\" title=\"Sprawd\u017a kierunek Edukacja i rehabilitacja os\u00f3b z niepe\u0142nosprawno\u015bci\u0105 intelektualn\u0105 (Oligofrenopedagogika)\"><img loading=\"lazy\" decoding=\"async\" width=\"694\" height=\"151\" src=\"\/aktualnosci\/wp-content\/uploads\/2021\/09\/baner_blog_artykul.jpg\" alt=\"Sprawd\u017a kierunek studi\u00f3w podyplomowych\" class=\"wp-image-5232\" srcset=\"https:\/\/studia-online.pl\/aktualnosci\/wp-content\/uploads\/2021\/09\/baner_blog_artykul.jpg 694w, https:\/\/studia-online.pl\/aktualnosci\/wp-content\/uploads\/2021\/09\/baner_blog_artykul-300x65.jpg 300w\" sizes=\"auto, (max-width: 694px) 100vw, 694px\" \/><\/a><\/figure>\n\n\n\n<h2 class=\"wp-block-heading\"><span class=\"ez-toc-section\" id=\"Oligofrenopedagogika_studia_podyplomowe_online\"><\/span>Oligofrenopedagogika studia podyplomowe online<span class=\"ez-toc-section-end\"><\/span><\/h2>\n\n\n\n<p>Ogromn\u0105 zalet\u0105 kierunku oferowanego przez <strong>Wy\u017csz\u0105 Szko\u0142\u0119 Kszta\u0142cenia Zawodowego<\/strong> jest mo\u017cliwo\u015b\u0107 zrealizowania cz\u0119\u015bci teoretycznej w formie online. Dzi\u0119ki temu s\u0142uchacze mog\u0105 zaoszcz\u0119dzi\u0107 nie tylko pieni\u0105dze na dojazdach, jak ma to miejsce w przypadku klasycznej formy stacjonarnej, ale r\u00f3wnie\u017c czas. Kierunek ten mo\u017cna zrealizowa\u0107<strong> w trakcie 3 semestr\u00f3w<\/strong>, a nie \u2013 jak w przypadku jednolitych studi\u00f3w magisterskich \u2013 w ci\u0105gu 5 lat.<br><\/p>\n\n\n\n<p>Nauka odbywa si\u0119 za po\u015brednictwem <strong>platformy dydaktycznej<\/strong>, na kt\u00f3rej umieszczane s\u0105 <strong>wysokiej<\/strong> <strong>jako\u015bci materia\u0142y naukowe <\/strong>pozwalaj\u0105ce s\u0142uchaczom zdobywa\u0107 wiedz\u0119 i umiej\u0119tno\u015bci zgodnie z programem studi\u00f3w. Metod\u0119 kszta\u0142cenia na odleg\u0142o\u015b\u0107 (online) doceni\u0105 szczeg\u00f3lnie osoby, kt\u00f3re chc\u0105 m\u00f3c w \u0142atwy spos\u00f3b pogodzi\u0107 nauk\u0119 z prac\u0105 i innymi obowi\u0105zkami, poniewa\u017c to s\u0142uchacze decyduj\u0105 ile czasu w danym dniu chc\u0105 po\u015bwi\u0119ci\u0107 na realizacj\u0119 materia\u0142u. Wi\u0119cej o tym, jak wygl\u0105daj\u0105 studia online<a href=\"https:\/\/studia-online.pl\/aktualnosci\/jak-wygladaja-studia-online\/\"> przeczytasz w naszym artykule<\/a>.<\/p>\n","protected":false},"excerpt":{"rendered":"<p>Oligofrenopedagogika to jeden z dzia\u0142\u00f3w pedagogiki specjalnej, kt\u00f3ry w ostatnim czasie znacznie si\u0119 rozwin\u0105\u0142, a na rynku pracy wida\u0107 wyra\u017ane zapotrzebowanie na osoby posiadaj\u0105ce predyspozycje i udokumentowane kwalifikacje do pracy w tym zawodzie. Na taki stan rzeczy z pewno\u015bci\u0105 ma wp\u0142yw rosn\u0105ca liczba dzieci i m\u0142odzie\u017cy, kt\u00f3ra wymaga specjalnego toku edukacyjnego ze wzgl\u0119du na niepe\u0142nosprawno\u015b\u0107 [&hellip;]<\/p>\n","protected":false},"author":11,"featured_media":6350,"comment_status":"closed","ping_status":"closed","sticky":false,"template":"","format":"standard","meta":{"_lmt_disableupdate":"","_lmt_disable":"","footnotes":""},"categories":[7204],"tags":[3413,7711,7897],"class_list":["post-6340","post","type-post","status-publish","format-standard","has-post-thumbnail","hentry","category-pedagogika-specjalna","tag-oligofrenopedagogika-online","tag-oligofrenopedagogika-studia","tag-oligofrenopedagogika-studia-podyplomowe"],"modified_by":"Ernest","_links":{"self":[{"href":"https:\/\/studia-online.pl\/aktualnosci\/wp-json\/wp\/v2\/posts\/6340","targetHints":{"allow":["GET"]}}],"collection":[{"href":"https:\/\/studia-online.pl\/aktualnosci\/wp-json\/wp\/v2\/posts"}],"about":[{"href":"https:\/\/studia-online.pl\/aktualnosci\/wp-json\/wp\/v2\/types\/post"}],"author":[{"embeddable":true,"href":"https:\/\/studia-online.pl\/aktualnosci\/wp-json\/wp\/v2\/users\/11"}],"replies":[{"embeddable":true,"href":"https:\/\/studia-online.pl\/aktualnosci\/wp-json\/wp\/v2\/comments?post=6340"}],"version-history":[{"count":11,"href":"https:\/\/studia-online.pl\/aktualnosci\/wp-json\/wp\/v2\/posts\/6340\/revisions"}],"predecessor-version":[{"id":6353,"href":"https:\/\/studia-online.pl\/aktualnosci\/wp-json\/wp\/v2\/posts\/6340\/revisions\/6353"}],"wp:featuredmedia":[{"embeddable":true,"href":"https:\/\/studia-online.pl\/aktualnosci\/wp-json\/wp\/v2\/media\/6350"}],"wp:attachment":[{"href":"https:\/\/studia-online.pl\/aktualnosci\/wp-json\/wp\/v2\/media?parent=6340"}],"wp:term":[{"taxonomy":"category","embeddable":true,"href":"https:\/\/studia-online.pl\/aktualnosci\/wp-json\/wp\/v2\/categories?post=6340"},{"taxonomy":"post_tag","embeddable":true,"href":"https:\/\/studia-online.pl\/aktualnosci\/wp-json\/wp\/v2\/tags?post=6340"}],"curies":[{"name":"wp","href":"https:\/\/api.w.org\/{rel}","templated":true}]}}