{"id":6097,"date":"2022-03-18T08:46:47","date_gmt":"2022-03-18T07:46:47","guid":{"rendered":"https:\/\/studia-online.pl\/aktualnosci\/?p=6097"},"modified":"2022-03-18T08:47:19","modified_gmt":"2022-03-18T07:47:19","slug":"kto-moze-zarzadzac-jednostkami-pomocy-spolecznej","status":"publish","type":"post","link":"https:\/\/studia-online.pl\/aktualnosci\/kto-moze-zarzadzac-jednostkami-pomocy-spolecznej\/","title":{"rendered":"Kto mo\u017ce zarz\u0105dza\u0107 jednostkami pomocy spo\u0142ecznej?"},"content":{"rendered":"<div id=\"ez-toc-container\" class=\"ez-toc-v2_0_76 counter-hierarchy ez-toc-counter ez-toc-grey ez-toc-container-direction\">\n<div class=\"ez-toc-title-container\">\n<span class=\"ez-toc-title-toggle\"><a href=\"#\" class=\"ez-toc-pull-right ez-toc-btn ez-toc-btn-xs ez-toc-btn-default ez-toc-toggle\" aria-label=\"Toggle Table of Content\"><span class=\"ez-toc-js-icon-con\"><span class=\"\"><span class=\"eztoc-hide\" style=\"display:none;\">Toggle<\/span><span class=\"ez-toc-icon-toggle-span\"><svg style=\"fill: #999;color:#999\" xmlns=\"http:\/\/www.w3.org\/2000\/svg\" class=\"list-377408\" width=\"20px\" height=\"20px\" viewBox=\"0 0 24 24\" fill=\"none\"><path d=\"M6 6H4v2h2V6zm14 0H8v2h12V6zM4 11h2v2H4v-2zm16 0H8v2h12v-2zM4 16h2v2H4v-2zm16 0H8v2h12v-2z\" fill=\"currentColor\"><\/path><\/svg><svg style=\"fill: #999;color:#999\" class=\"arrow-unsorted-368013\" xmlns=\"http:\/\/www.w3.org\/2000\/svg\" width=\"10px\" height=\"10px\" viewBox=\"0 0 24 24\" version=\"1.2\" baseProfile=\"tiny\"><path d=\"M18.2 9.3l-6.2-6.3-6.2 6.3c-.2.2-.3.4-.3.7s.1.5.3.7c.2.2.4.3.7.3h11c.3 0 .5-.1.7-.3.2-.2.3-.5.3-.7s-.1-.5-.3-.7zM5.8 14.7l6.2 6.3 6.2-6.3c.2-.2.3-.5.3-.7s-.1-.5-.3-.7c-.2-.2-.4-.3-.7-.3h-11c-.3 0-.5.1-.7.3-.2.2-.3.5-.3.7s.1.5.3.7z\"\/><\/svg><\/span><\/span><\/span><\/a><\/span><\/div>\n<nav><ul class='ez-toc-list ez-toc-list-level-1 ' ><li class='ez-toc-page-1 ez-toc-heading-level-2'><a class=\"ez-toc-link ez-toc-heading-1\" href=\"https:\/\/studia-online.pl\/aktualnosci\/kto-moze-zarzadzac-jednostkami-pomocy-spolecznej\/#Czym_jest_opieka_spoleczna\" >Czym jest opieka\nspo\u0142eczna?<\/a><ul class='ez-toc-list-level-3' ><li class='ez-toc-heading-level-3'><a class=\"ez-toc-link ez-toc-heading-2\" href=\"https:\/\/studia-online.pl\/aktualnosci\/kto-moze-zarzadzac-jednostkami-pomocy-spolecznej\/#Kto_organizuje_pomoc_spoleczna\" >Kto organizuje pomoc\nspo\u0142eczn\u0105?<\/a><\/li><li class='ez-toc-page-1 ez-toc-heading-level-3'><a class=\"ez-toc-link ez-toc-heading-3\" href=\"https:\/\/studia-online.pl\/aktualnosci\/kto-moze-zarzadzac-jednostkami-pomocy-spolecznej\/#Kto_moze_kierowac_jednostka_organizacyjna_pomocy_spolecznej\" >Kto mo\u017ce kierowa\u0107 jednostk\u0105 organizacyjn\u0105 pomocy\nspo\u0142ecznej?<\/a><\/li><\/ul><\/li><li class='ez-toc-page-1 ez-toc-heading-level-2'><a class=\"ez-toc-link ez-toc-heading-4\" href=\"https:\/\/studia-online.pl\/aktualnosci\/kto-moze-zarzadzac-jednostkami-pomocy-spolecznej\/#Organizacja_pomocy_spolecznej_studia_podyplomowe\" >Organizacja pomocy\nspo\u0142ecznej studia podyplomowe<\/a><\/li><\/ul><\/nav><\/div>\n\n<p><strong>Pomoc spo\u0142eczna<\/strong> ma za zadanie zaspokaja\u0107 niezb\u0119dne potrzeby \u017cyciowe os\u00f3b oraz rodzin, a tak\u017ce umo\u017cliwia\u0107 \u017cycie w godnych warunkach. Ma za zadanie tak\u017ce doprowadza\u0107 do \u017cyciowego usamodzielnienia rodzin oraz pojedynczych os\u00f3b, a tak\u017ce zintegrowa\u0107 je ze \u015brodowiskiem. Forma, rodzaj oraz rozmiar \u015bwiadczenia powinny by\u0107 adekwatne do okoliczno\u015bci, kt\u00f3re uzasadniaj\u0105 udzielenie pomocy. Ze wzgl\u0119du na wag\u0119 dzia\u0142alno\u015bci jednostek pomocy spo\u0142ecznej, musz\u0105 zarz\u0105dza\u0107 nimi <strong>kompetentne osoby <\/strong>posiadaj\u0105ce odpowiednie <strong>umiej\u0119tno\u015bci <\/strong>i przygotowanie merytoryczne. <strong>Praca socjalna studia<\/strong> pozwalaj\u0105 s\u0142uchaczom zg\u0142\u0119bi\u0107 wiedz\u0119 oraz rozwin\u0105\u0107 si\u0119 w aspekcie zarz\u0105dzania tego typu organizacj\u0105.<\/p>\n\n\n\n<h2 class=\"wp-block-heading\"><span class=\"ez-toc-section\" id=\"Czym_jest_opieka_spoleczna\"><\/span><strong>Czym jest opieka\nspo\u0142eczna?<\/strong><span class=\"ez-toc-section-end\"><\/span><\/h2>\n\n\n\n<p>Opieka spo\u0142eczna to <strong>lokalna instytucja<\/strong>, kt\u00f3ra zajmuje si\u0119 <strong>pomoc\u0105 \u015brodowiskow\u0105 <\/strong>\u2013 mowa o sprawowaniu opieki nad osobami <strong>starszymi<\/strong>, <strong>poszkodowanymi <\/strong>i <strong>samotnymi<\/strong>, a tak\u017ce pomocy matce wychowuj\u0105cej chore dziecko. Podstaw\u0105 funkcjonowania pomocy spo\u0142ecznej s\u0105 jednostki, kt\u00f3re dzia\u0142aj\u0105 w oparciu o gminne, powiatowe lub wojew\u00f3dzkie jednostki organizacyjne. <strong>Mowa w szczeg\u00f3lno\u015bci o:<\/strong><\/p>\n\n\n\n<ul class=\"wp-block-list\"><li>gminnych i miejskich o\u015brodkach pomocy\nspo\u0142ecznej,<\/li><li>powiatowych centrach pomocy rodzinie,<\/li><li>regionalnych o\u015brodkach polityki spo\u0142ecznej.<\/li><\/ul>\n\n\n\n<h3 class=\"wp-block-heading\"><span class=\"ez-toc-section\" id=\"Kto_organizuje_pomoc_spoleczna\"><\/span><strong>Kto organizuje pomoc\nspo\u0142eczn\u0105?<\/strong><span class=\"ez-toc-section-end\"><\/span><\/h3>\n\n\n\n<p>Pomoc spo\u0142eczn\u0105 organizuj\u0105 organy administracji rz\u0105dowej oraz samorz\u0105dowej, kt\u00f3re mog\u0105 wsp\u00f3\u0142pracowa\u0107 z organizacjami spo\u0142ecznymi oraz pozarz\u0105dowymi, Ko\u015bcio\u0142em Katolickim oraz innymi ko\u015bcio\u0142ami, a tak\u017ce zwi\u0105zkami wyznaniowymi. <strong>Z pomocy do \u015bwiadcze\u0144 z pomocy spo\u0142ecznej mog\u0105 korzysta\u0107 zar\u00f3wno osoby posiadaj\u0105ce polskie obywatelstwo, mieszkaj\u0105 i przebywaj\u0105 na terytorium Polski, a tak\u017ce cudzoziemcy, kt\u00f3rzy mieszkaj\u0105 i przebywaj\u0105 na terytorium RP.<\/strong> Dodatkowo ze \u015bwiadcze\u0144 mog\u0105 korzysta\u0107 r\u00f3wnie\u017c osoby mieszkaj\u0105ce i przebywaj\u0105ce na terenie RP, kt\u00f3re s\u0105 obywatelami pa\u0144stw cz\u0142onkowskich Unii Europejskiej.<\/p>\n\n\n\n<figure class=\"wp-block-image\"><a id=\"blog-art-banner\" href=\"https:\/\/studia-online.pl\/kursy\/4868064\" title=\"Sprawd\u017a kierunek Organizacja i zarz\u0105dzanie jednostkami pomocy spo\u0142ecznej\" ><img loading=\"lazy\" decoding=\"async\" width=\"694\" height=\"151\" src=\"\/aktualnosci\/wp-content\/uploads\/2021\/09\/baner_blog_artykul.jpg\" alt=\"Sprawd\u017a kierunek studi\u00f3w podyplomowych\" class=\"wp-image-5232\" srcset=\"https:\/\/studia-online.pl\/aktualnosci\/wp-content\/uploads\/2021\/09\/baner_blog_artykul.jpg 694w, https:\/\/studia-online.pl\/aktualnosci\/wp-content\/uploads\/2021\/09\/baner_blog_artykul-300x65.jpg 300w\" sizes=\"auto, (max-width: 694px) 100vw, 694px\" \/><\/a><\/figure>\n\n\n\n<h3 class=\"wp-block-heading\"><span class=\"ez-toc-section\" id=\"Kto_moze_kierowac_jednostka_organizacyjna_pomocy_spolecznej\"><\/span><strong>Kto mo\u017ce kierowa\u0107 jednostk\u0105 organizacyjn\u0105 pomocy\nspo\u0142ecznej?<\/strong><span class=\"ez-toc-section-end\"><\/span><\/h3>\n\n\n\n<p>Wszelkie przepisy dotycz\u0105ce pe\u0142nienia funkcji na poszczeg\u00f3lnych stanowiskach okre\u015bla Ustawa z dnia 12 marca 2004 r. o pomocy spo\u0142ecznej. Wed\u0142ug tego aktu prawnego, osoby, kt\u00f3re kieruj\u0105 jednostkami organizacyjnymi pomocy spo\u0142ecznej, musz\u0105 posiada\u0107 <strong>minimum 3-letni sta\u017c pracy w pomocy spo\u0142ecznej,<\/strong> a tak\u017ce uko\u0144czenie specjalizacji z zakresu organizacji pomocy spo\u0142ecznej. \u017beby t\u0119 specjalizacj\u0119 uzyska\u0107, trzeba zda\u0107 egzamin ko\u0144cowy przed komisj\u0105 egzaminacyjn\u0105 do spraw specjalizacji z zakresu organizacji pomocy spo\u0142ecznej. Egzamin ma form\u0119 ustn\u0105 i podzielony jest na dwie cz\u0119\u015bci \u2013 jedn\u0105 teoretyczna i jedn\u0105 praktyczn\u0105.<\/p>\n\n\n\n<h2 class=\"wp-block-heading\"><span class=\"ez-toc-section\" id=\"Organizacja_pomocy_spolecznej_studia_podyplomowe\"><\/span><strong>Organizacja pomocy\nspo\u0142ecznej studia podyplomowe<\/strong><span class=\"ez-toc-section-end\"><\/span><\/h2>\n\n\n\n<p>Wy\u017csza Szko\u0142a Kszta\u0142cenia Zawodowego wychodzi naprzeciw\npotrzebom s\u0142uchaczy i oferuje specjalny kierunek dla os\u00f3b, kt\u00f3re chc\u0105 zdoby\u0107\nmerytoryczne przygotowanie z tego zakresu. <strong>Praca\nsocjalna studia<\/strong> to oferta przede wszystkim dla:<\/p>\n\n\n\n<ul class=\"wp-block-list\"><li>pracownik\u00f3w socjalnych,<\/li><li>kadry kieruj\u0105cej instytucjami pomocy spo\u0142ecznej,<\/li><li>lider\u00f3w organizacji pozarz\u0105dowych, <\/li><li>absolwent\u00f3w studi\u00f3w licencjackich oraz\nmagisterskich, kt\u00f3rzy chc\u0105 zdoby\u0107 dodatkowe umiej\u0119tno\u015bci.<\/li><\/ul>\n\n\n\n<figure class=\"wp-block-image\"><img loading=\"lazy\" decoding=\"async\" width=\"1024\" height=\"542\" src=\"https:\/\/studia-online.pl\/aktualnosci\/wp-content\/uploads\/2022\/03\/image-14-1024x542.png\" alt=\"\" class=\"wp-image-6106\" srcset=\"https:\/\/studia-online.pl\/aktualnosci\/wp-content\/uploads\/2022\/03\/image-14-1024x542.png 1024w, https:\/\/studia-online.pl\/aktualnosci\/wp-content\/uploads\/2022\/03\/image-14-300x159.png 300w, https:\/\/studia-online.pl\/aktualnosci\/wp-content\/uploads\/2022\/03\/image-14-768x407.png 768w, https:\/\/studia-online.pl\/aktualnosci\/wp-content\/uploads\/2022\/03\/image-14-696x369.png 696w, https:\/\/studia-online.pl\/aktualnosci\/wp-content\/uploads\/2022\/03\/image-14-1068x566.png 1068w, https:\/\/studia-online.pl\/aktualnosci\/wp-content\/uploads\/2022\/03\/image-14-793x420.png 793w, https:\/\/studia-online.pl\/aktualnosci\/wp-content\/uploads\/2022\/03\/image-14.png 1118w\" sizes=\"auto, (max-width: 1024px) 100vw, 1024px\" \/><\/figure>\n\n\n\n<p>Organizacja pomocy spo\u0142ecznej studia podyplomowe poruszaj\u0105 fundamentalne zagadnienia zwi\u0105zane z <strong>psychologi\u0105<\/strong>, <strong>pedagogik\u0105<\/strong>, <strong>socjologi\u0105<\/strong>, <strong>prawem<\/strong>, <strong>zarz\u0105dzaniem <\/strong>oraz <strong>polityk\u0105 spo\u0142eczn\u0105 <\/strong>i <strong>diagnozowaniem <\/strong>oraz <strong>pomiarem pomocy spo\u0142ecznej<\/strong>. Osoby, kt\u00f3re uko\u0144cz\u0105 studia b\u0119d\u0105 przygotowani nie tylko perspektywicznego obszaru, jakim jest organizacja pomocy spo\u0142ecznej i zarz\u0105dzanie organizacj\u0105, ale r\u00f3wnie\u017c z zakresu HR oraz kierowania organizacj\u0105 publiczn\u0105. <\/p>\n\n\n\n<p>Wi\u0119cej informacji na temat kierunku znajdziesz na stronie <strong><a href=\"https:\/\/studia-online.pl\/kursy\/4868064\" title=\"Zobacz stron\u0119 kierunku Organizacja i zarz\u0105dzanie jednostkami pomocy spo\u0142ecznej\">Pedagogika specjalna studia podyplomowe<\/a><\/strong>.<\/p>\n","protected":false},"excerpt":{"rendered":"<p>Pomoc spo\u0142eczna ma za zadanie zaspokaja\u0107 niezb\u0119dne potrzeby \u017cyciowe os\u00f3b oraz rodzin, a tak\u017ce umo\u017cliwia\u0107 \u017cycie w godnych warunkach. Ma za zadanie tak\u017ce doprowadza\u0107 do \u017cyciowego usamodzielnienia rodzin oraz pojedynczych os\u00f3b, a tak\u017ce zintegrowa\u0107 je ze \u015brodowiskiem. Forma, rodzaj oraz rozmiar \u015bwiadczenia powinny by\u0107 adekwatne do okoliczno\u015bci, kt\u00f3re uzasadniaj\u0105 udzielenie pomocy. Ze wzgl\u0119du na wag\u0119 [&hellip;]<\/p>\n","protected":false},"author":11,"featured_media":6107,"comment_status":"closed","ping_status":"closed","sticky":false,"template":"","format":"standard","meta":{"_lmt_disableupdate":"","_lmt_disable":"","footnotes":""},"categories":[7199],"tags":[3619,2022,7896],"class_list":["post-6097","post","type-post","status-publish","format-standard","has-post-thumbnail","hentry","category-zarzadzanie","tag-pedagogika-specjalna-online","tag-podyplomowka-pedagogika-specjalna","tag-studia-podyplomowe-pedagogika-specjalna"],"modified_by":"Ernest","_links":{"self":[{"href":"https:\/\/studia-online.pl\/aktualnosci\/wp-json\/wp\/v2\/posts\/6097","targetHints":{"allow":["GET"]}}],"collection":[{"href":"https:\/\/studia-online.pl\/aktualnosci\/wp-json\/wp\/v2\/posts"}],"about":[{"href":"https:\/\/studia-online.pl\/aktualnosci\/wp-json\/wp\/v2\/types\/post"}],"author":[{"embeddable":true,"href":"https:\/\/studia-online.pl\/aktualnosci\/wp-json\/wp\/v2\/users\/11"}],"replies":[{"embeddable":true,"href":"https:\/\/studia-online.pl\/aktualnosci\/wp-json\/wp\/v2\/comments?post=6097"}],"version-history":[{"count":10,"href":"https:\/\/studia-online.pl\/aktualnosci\/wp-json\/wp\/v2\/posts\/6097\/revisions"}],"predecessor-version":[{"id":6109,"href":"https:\/\/studia-online.pl\/aktualnosci\/wp-json\/wp\/v2\/posts\/6097\/revisions\/6109"}],"wp:featuredmedia":[{"embeddable":true,"href":"https:\/\/studia-online.pl\/aktualnosci\/wp-json\/wp\/v2\/media\/6107"}],"wp:attachment":[{"href":"https:\/\/studia-online.pl\/aktualnosci\/wp-json\/wp\/v2\/media?parent=6097"}],"wp:term":[{"taxonomy":"category","embeddable":true,"href":"https:\/\/studia-online.pl\/aktualnosci\/wp-json\/wp\/v2\/categories?post=6097"},{"taxonomy":"post_tag","embeddable":true,"href":"https:\/\/studia-online.pl\/aktualnosci\/wp-json\/wp\/v2\/tags?post=6097"}],"curies":[{"name":"wp","href":"https:\/\/api.w.org\/{rel}","templated":true}]}}