{"id":5604,"date":"2023-10-18T14:36:08","date_gmt":"2023-10-18T12:36:08","guid":{"rendered":"https:\/\/studia-online.pl\/aktualnosci\/?p=5604"},"modified":"2023-10-18T14:43:04","modified_gmt":"2023-10-18T12:43:04","slug":"co-daje-zarzadzanie-oswiata","status":"publish","type":"post","link":"https:\/\/studia-online.pl\/aktualnosci\/co-daje-zarzadzanie-oswiata\/","title":{"rendered":"Czy wicedyrektor szko\u0142y musi mie\u0107 zarz\u0105dzanie o\u015bwiat\u0105?"},"content":{"rendered":"<div id=\"ez-toc-container\" class=\"ez-toc-v2_0_76 counter-hierarchy ez-toc-counter ez-toc-grey ez-toc-container-direction\">\n<div class=\"ez-toc-title-container\">\n<span class=\"ez-toc-title-toggle\"><a href=\"#\" class=\"ez-toc-pull-right ez-toc-btn ez-toc-btn-xs ez-toc-btn-default ez-toc-toggle\" aria-label=\"Toggle Table of Content\"><span class=\"ez-toc-js-icon-con\"><span class=\"\"><span class=\"eztoc-hide\" style=\"display:none;\">Toggle<\/span><span class=\"ez-toc-icon-toggle-span\"><svg style=\"fill: #999;color:#999\" xmlns=\"http:\/\/www.w3.org\/2000\/svg\" class=\"list-377408\" width=\"20px\" height=\"20px\" viewBox=\"0 0 24 24\" fill=\"none\"><path d=\"M6 6H4v2h2V6zm14 0H8v2h12V6zM4 11h2v2H4v-2zm16 0H8v2h12v-2zM4 16h2v2H4v-2zm16 0H8v2h12v-2z\" fill=\"currentColor\"><\/path><\/svg><svg style=\"fill: #999;color:#999\" class=\"arrow-unsorted-368013\" xmlns=\"http:\/\/www.w3.org\/2000\/svg\" width=\"10px\" height=\"10px\" viewBox=\"0 0 24 24\" version=\"1.2\" baseProfile=\"tiny\"><path d=\"M18.2 9.3l-6.2-6.3-6.2 6.3c-.2.2-.3.4-.3.7s.1.5.3.7c.2.2.4.3.7.3h11c.3 0 .5-.1.7-.3.2-.2.3-.5.3-.7s-.1-.5-.3-.7zM5.8 14.7l6.2 6.3 6.2-6.3c.2-.2.3-.5.3-.7s-.1-.5-.3-.7c-.2-.2-.4-.3-.7-.3h-11c-.3 0-.5.1-.7.3-.2.2-.3.5-.3.7s.1.5.3.7z\"\/><\/svg><\/span><\/span><\/span><\/a><\/span><\/div>\n<nav><ul class='ez-toc-list ez-toc-list-level-1 ' ><li class='ez-toc-page-1 ez-toc-heading-level-2'><a class=\"ez-toc-link ez-toc-heading-1\" href=\"https:\/\/studia-online.pl\/aktualnosci\/co-daje-zarzadzanie-oswiata\/#Wymagania_i_kwalifikacje_dla_wicedyrektora_szkoly_przeglad_aktualnych_przepisow\" >Wymagania i kwalifikacje dla wicedyrektora szko\u0142y: przegl\u0105d aktualnych przepis\u00f3w<\/a><\/li><li class='ez-toc-page-1 ez-toc-heading-level-2'><a class=\"ez-toc-link ez-toc-heading-2\" href=\"https:\/\/studia-online.pl\/aktualnosci\/co-daje-zarzadzanie-oswiata\/#Czy_wicedyrektor_szkoly_musi_miec_ukonczone_studia_z_zarzadzania_oswiata\" >Czy wicedyrektor szko\u0142y musi mie\u0107 uko\u0144czone studia z zarz\u0105dzania o\u015bwiat\u0105?<\/a><\/li><li class='ez-toc-page-1 ez-toc-heading-level-2'><a class=\"ez-toc-link ez-toc-heading-3\" href=\"https:\/\/studia-online.pl\/aktualnosci\/co-daje-zarzadzanie-oswiata\/#Czy_wicedyrektor_szkoly_musi_lub_powinien_byc_nauczycielem\" >Czy wicedyrektor szko\u0142y musi lub powinien by\u0107 nauczycielem?<\/a><\/li><li class='ez-toc-page-1 ez-toc-heading-level-2'><a class=\"ez-toc-link ez-toc-heading-4\" href=\"https:\/\/studia-online.pl\/aktualnosci\/co-daje-zarzadzanie-oswiata\/#Obowiazki_wicedyrektora_szkoly_w_kontekscie_organizacji_i_zarzadzania_placowka_oswiatowa\" >Obowi\u0105zki wicedyrektora szko\u0142y w kontek\u015bcie organizacji i zarz\u0105dzania plac\u00f3wk\u0105 o\u015bwiatow\u0105<\/a><\/li><li class='ez-toc-page-1 ez-toc-heading-level-2'><a class=\"ez-toc-link ez-toc-heading-5\" href=\"https:\/\/studia-online.pl\/aktualnosci\/co-daje-zarzadzanie-oswiata\/#Czy_studia_podyplomowe_z_zarzadzania_oswiata_sa_kluczowe_dla_pracy_w_edukacji\" >Czy studia podyplomowe z zarz\u0105dzania o\u015bwiat\u0105 s\u0105 kluczowe dla pracy w edukacji?<\/a><\/li><li class='ez-toc-page-1 ez-toc-heading-level-2'><a class=\"ez-toc-link ez-toc-heading-6\" href=\"https:\/\/studia-online.pl\/aktualnosci\/co-daje-zarzadzanie-oswiata\/#Dlaczego_studia_z_zakresu_zarzadzania_oswiata_sa_kluczowe_dla_kariery_w_edukacji\" >Dlaczego studia z zakresu zarz\u0105dzania o\u015bwiat\u0105 s\u0105 kluczowe dla kariery w edukacji?<\/a><\/li><li class='ez-toc-page-1 ez-toc-heading-level-2'><a class=\"ez-toc-link ez-toc-heading-7\" href=\"https:\/\/studia-online.pl\/aktualnosci\/co-daje-zarzadzanie-oswiata\/#Praca_po_studiach_z_zarzadzania_oswiata_%E2%80%93_jakie_role_i_zadania_czekaja_na_absolwentow\" >Praca po studiach z zarz\u0105dzania o\u015bwiat\u0105 \u2013 jakie role i zadania czekaj\u0105 na absolwent\u00f3w?<\/a><\/li><li class='ez-toc-page-1 ez-toc-heading-level-2'><a class=\"ez-toc-link ez-toc-heading-8\" href=\"https:\/\/studia-online.pl\/aktualnosci\/co-daje-zarzadzanie-oswiata\/#FAQ_dla_nauczycieli\" >FAQ dla nauczycieli:<\/a><\/li><\/ul><\/nav><\/div>\n\n<p>Wed\u0142ug Centralnego O\u015brodka Informacji Gospodarczej w 2023 roku w Polsce dzia\u0142a ponad <strong>14 000 przedszkoli<\/strong>, niespe\u0142na <strong>14 400 szk\u00f3\u0142 podstawowych, 4100 lice\u00f3w og\u00f3lnokszta\u0142c\u0105cych i 2030 technik\u00f3w<\/strong>. Z kolei ofert\u0119 edukacyjn\u0105 realizowa\u0142o ponad <strong>340 uczelni wy\u017cszych<\/strong>. Z tego wzgl\u0119du niezwykle istotne jest odpowiednie zarz\u0105dzanie na poziomie jednostek samorz\u0105du terytorialnego, a tak\u017ce funkcji kierowniczych w o\u015bwiacie, aby ka\u017cda z plac\u00f3wek \u015bwiadczy\u0142a us\u0142ugi na jak najwy\u017cszym poziomie. Du\u017ca liczba plac\u00f3wek o\u015bwiatowych przek\u0142ada si\u0119 na rosn\u0105ce zapotrzebowanie w zakresie zarz\u0105dzania.<\/p>\n\n\n\n<h2 class=\"wp-block-heading\"><span class=\"ez-toc-section\" id=\"Wymagania_i_kwalifikacje_dla_wicedyrektora_szkoly_przeglad_aktualnych_przepisow\"><\/span><strong>Wymagania i kwalifikacje dla wicedyrektora szko\u0142y: przegl\u0105d aktualnych przepis\u00f3w<\/strong><span class=\"ez-toc-section-end\"><\/span><\/h2>\n\n\n\n<p>W 2023 roku wprowadzono aktualizacje do regulacji dotycz\u0105cych <strong>wymaga\u0144 stawianych wicedyrektorom szk\u00f3\u0142<\/strong> i plac\u00f3wek o\u015bwiatowych w Polsce. Zmiany te zosta\u0142y wprowadzone <a href=\"https:\/\/isap.sejm.gov.pl\/isap.nsf\/DocDetails.xsp?id=WDU20230000108\" rel=\"external nofollow noopener\" target=\"_blank\">Rozporz\u0105dzeniem Ministra Edukacji i Nauki z 10 stycznia 2023 r.<\/a>, modyfikuj\u0105c wcze\u015bniejsze przepisy z 2017 roku.<\/p>\n\n\n\n<p>Kluczowe Wymagania dla Kandydat\u00f3w na Wicedyrektora:<\/p>\n\n\n\n<ul class=\"wp-block-list\"><li>Posiadanie tytu\u0142u nauczyciela mianowanego lub dyplomowanego.<\/li><li>Wykszta\u0142cenie wy\u017csze oraz <strong>tytu\u0142 zawodowy magistra<\/strong> lub r\u00f3wnorz\u0119dny.<\/li><li>Uko\u0144czenie kursu kwalifikacyjnego z zakresu zarz\u0105dzania szko\u0142ami, o minimalnym wymiarze 80 godzin.<\/li><li>Bieg\u0142o\u015b\u0107 w j\u0119zyku polskim lub angielskim na poziomie co najmniej B2.<\/li><\/ul>\n\n\n\n<p>Chocia\u017c<strong> <\/strong>istniej\u0105 okre\u015blone standardy i wymagania dotycz\u0105ce tego <strong>jak zosta\u0107 wicedyrektorem<\/strong> w plac\u00f3wkach o\u015bwiatowych, istniej\u0105 r\u00f3wnie\u017c <strong>alternatywne \u015bcie\u017cki i opcje<\/strong>, kt\u00f3re mog\u0105 by\u0107 dost\u0119pne dla potencjalnych kandydat\u00f3w.<\/p>\n\n\n\n<p>Podstawowe Wymagania:<\/p>\n\n\n\n<ul class=\"wp-block-list\"><li>Spe\u0142nienie kryteri\u00f3w okre\u015blonych w rozporz\u0105dzeniach z 2017 i 2023 roku.<\/li><li>Posiadanie <strong>tytu\u0142u nauczyciela<\/strong> (mianowanego lub dyplomowanego).<\/li><li>Uko\u0144czenie kursu kwalifikacyjnego z zakresu zarz\u0105dzania szko\u0142ami (minimum 20 godzin).<\/li><\/ul>\n\n\n\n<p>Wicedyrektorem mo\u017ce tak\u017ce zosta\u0107 osoba, kt\u00f3ra:<\/p>\n\n\n\n<ul class=\"wp-block-list\"><li>posiada co najmniej <strong>4-letni sta\u017c pracy pedagogicznej<\/strong> na stanowisku nauczyciela lub nauczyciela akademickiego,<\/li><li>ma co najmniej <strong>bardzo dobr\u0105 ocen\u0119 pracy<\/strong> w zakresie ostatnich pi\u0119ciu lat w odniesieniu do nauczycieli oraz czterech lat w przypadku nauczycieli akademickich,<\/li><li><strong>spe\u0142nia wymagania okre\u015blone w \u00a7 1 pkt 1 i 5-11<\/strong> omawianego rozporz\u0105dzenia.<\/li><\/ul>\n\n\n\n<p><strong>Punkty 1 oraz 5-11<\/strong> odnosz\u0105 si\u0119 do zdolno\u015bci do czynno\u015bci prawnych i posiadania pe\u0142ni praw publicznych, braku kar dyscyplinarnych przewidzianych w innych przepisach, a stosowanych w stosunku do nauczyciela (lub nauczyciela akademickiego), <strong>brakiem prawomocnych wyrok\u00f3w za umy\u015blne przest\u0119pstwa <\/strong>oraz post\u0119powa\u0144 o czyny \u015bcigane z oskar\u017cenia publicznego. Jednocze\u015bnie wymagany jest brak kar za naruszenie dyscypliny finans\u00f3w publicznych oraz wym\u00f3g znajomo\u015bci j\u0119zyka polskiego na okre\u015blonym poziomie.\n\n<\/p>\n\n\n\n<figure class=\"wp-block-image\"><a id=\"blog-art-banner\" href=\"https:\/\/studia-online.pl\/kursy\/100\" title=\"Sprawd\u017a kierunek organizacja i zarz\u0105dzanie o\u015bwiat\u0105\"><img loading=\"lazy\" decoding=\"async\" width=\"694\" height=\"151\" src=\"\/aktualnosci\/wp-content\/uploads\/2021\/09\/baner_blog_artykul.jpg\" alt=\"Sprawd\u017a kierunek studi\u00f3w podyplomowych\" class=\"wp-image-5232\" srcset=\"https:\/\/studia-online.pl\/aktualnosci\/wp-content\/uploads\/2021\/09\/baner_blog_artykul.jpg 694w, https:\/\/studia-online.pl\/aktualnosci\/wp-content\/uploads\/2021\/09\/baner_blog_artykul-300x65.jpg 300w\" sizes=\"auto, (max-width: 694px) 100vw, 694px\" \/><\/a><\/figure>\n\n\n\n<h2 class=\"wp-block-heading\"><span class=\"ez-toc-section\" id=\"Czy_wicedyrektor_szkoly_musi_miec_ukonczone_studia_z_zarzadzania_oswiata\"><\/span><strong>Czy wicedyrektor szko\u0142y musi mie\u0107 uko\u0144czone studia z zarz\u0105dzania o\u015bwiat\u0105?<\/strong><span class=\"ez-toc-section-end\"><\/span><\/h2>\n\n\n\n<p>Tak samo jak dyrektor, jego zast\u0119pca r\u00f3wnie\u017c podlega odpowiednim wymogom okre\u015blonym w rozporz\u0105dzeniu. <a href=\"https:\/\/studia-online.pl\/kursy\/100\">Studia podyplomowe z zarz\u0105dzania o\u015bwiat\u0105<\/a> pe\u0142ni\u0105 rol\u0119 poszerzenia zakresu wiedzy, zdobycia dodatkowych umiej\u0119tno\u015bci oraz przewagi na rynku pracy, jak r\u00f3wnie\u017c umo\u017cliwiaj\u0105 podj\u0119cie pracy na tym stanowisku.&nbsp;<\/p>\n\n\n\n<p>W wybranych przypadkach, obowi\u0105zki wicedyrektora szko\u0142y<strong> <\/strong>mo\u017cna sprawowa\u0107 r\u00f3wnie\u017c bez uko\u0144czonego kursu kwalifikacyjnego. Uko\u0144czenie studi\u00f3w z zakresu organizacji i zarz\u0105dzania o\u015bwiat\u0105 pozwoli lepiej orientowa\u0107 si\u0119 w przepisach dotycz\u0105cych tego stanowiska i pozwoli naby\u0107 odpowiednich kompetencji ka\u017cdemu kandydatowi.<br><\/p>\n\n\n\n<h2 class=\"wp-block-heading\"><span class=\"ez-toc-section\" id=\"Czy_wicedyrektor_szkoly_musi_lub_powinien_byc_nauczycielem\"><\/span><strong>Czy wicedyrektor szko\u0142y musi lub powinien by\u0107 nauczycielem?<\/strong><span class=\"ez-toc-section-end\"><\/span><\/h2>\n\n\n\n<p><strong>Wicedyrektor szko\u0142y<\/strong> musi by\u0107 nauczycielem dyplomowanym lub mianowanym i musi spe\u0142nia\u0107 wymagania okre\u015blone przepisami. Nie jest to jednak r\u00f3wnoznaczne, z tym \u017ce w momencie, w kt\u00f3rym startuje w konkursie na wicedyrektora, musi zajmowa\u0107 to stanowisko \u2013 zgodnie z przepisami musi jedynie posiada\u0107 stosowne kwalifikacje do jego zajmowania, a tak\u017ce spe\u0142nia\u0107 pozosta\u0142e wymogi. Oczywi\u015bcie w zdecydowanej wi\u0119kszo\u015bci przypadk\u00f3w na <strong>stanowisko wicedyrektora<\/strong> powo\u0142uje si\u0119 osob\u0119, kt\u00f3ra jest aktualnie zatrudniona w szkole jako nauczyciel. Obecnie wci\u0105\u017c jeszcze obowi\u0105zuj\u0105 przepisy przej\u015bciowe, wed\u0142ug kt\u00f3rych pod pewnymi warunkami wicedyrektorem mo\u017ce by\u0107 nauczyciel kontraktowy.<\/p>\n\n\n\n<p>Zapisy z rozporz\u0105dzenia:<\/p>\n\n\n\n<ul class=\"wp-block-list\"><li>odpowiedni stan zdrowia, wykszta\u0142cenie wy\u017csze i obywatelstwo polskie,<\/li><li>studia z zarz\u0105dzania o\u015bwiat\u0105 albo kurs kwalifikacyjny, prowadzony zgodnie z przepisami,<\/li><li>pe\u0142na zdolno\u015b\u0107 do czynno\u015bci prawnych i korzystanie z pe\u0142ni praw publicznych.<\/li><\/ul>\n\n\n\n<h2 class=\"wp-block-heading\"><span class=\"ez-toc-section\" id=\"Obowiazki_wicedyrektora_szkoly_w_kontekscie_organizacji_i_zarzadzania_placowka_oswiatowa\"><\/span><strong>Obowi\u0105zki wicedyrektora szko\u0142y w kontek\u015bcie organizacji i zarz\u0105dzania plac\u00f3wk\u0105 o\u015bwiatow\u0105<\/strong><span class=\"ez-toc-section-end\"><\/span><\/h2>\n\n\n\n<p><strong>Powo\u0142anie wicedyrektora szko\u0142y<\/strong> odbywa si\u0119 w plac\u00f3wkach, w kt\u00f3rych jest przynajmniej 12 oddzia\u0142\u00f3w lub na wniosek dyrektora. Je\u017celi powo\u0142any zostanie <strong>zast\u0119pca dyrektora szko\u0142y, <\/strong>ma on pe\u0142ni\u0107 funkcj\u0119 wspomagaj\u0105c\u0105 i zast\u0119pcz\u0105 wzgl\u0119dem dyrektora, wsp\u00f3\u0142pracuj\u0105c z nim. Za <strong>zadania wicedyrektora szko\u0142y <\/strong>mo\u017cna uzna\u0107 mi\u0119dzy innymi:<\/p>\n\n\n\n<ul class=\"wp-block-list\"><li>organizowanie pracy dydaktyczno-wychowawczej szko\u0142y,<\/li><li>monitorowanie osi\u0105gni\u0119\u0107 szko\u0142y,<\/li><li>pe\u0142nienie bie\u017c\u0105cego nadzoru nad prac\u0105 nauczycieli zatrudnionych w plac\u00f3wce,<\/li><li>reprezentowanie szko\u0142y na zewn\u0105trz oraz podejmowanie decyzji w sytuacjach pilnych,<\/li><li>prowadzenie kontroli dokumentacji pedagogicznej,<\/li><li>planowanie i organizowanie rozwoju doskonalenia zawodowego nauczycieli.<\/li><\/ul>\n\n\n\n<h2 class=\"wp-block-heading\"><span class=\"ez-toc-section\" id=\"Czy_studia_podyplomowe_z_zarzadzania_oswiata_sa_kluczowe_dla_pracy_w_edukacji\"><\/span><strong>Czy studia podyplomowe z zarz\u0105dzania o\u015bwiat\u0105 s\u0105 kluczowe dla pracy w edukacji<\/strong><strong>?<\/strong><span class=\"ez-toc-section-end\"><\/span><\/h2>\n\n\n\n<p>Jak ju\u017c wspominali\u015bmy, je\u015bli starasz si\u0119 o stanowisko wicedyrektora lub inn\u0105 rol\u0119 kierownicz\u0105 w plac\u00f3wce edukacyjnej, zawsze warto odpowiednio si\u0119 do tego przygotowa\u0107 i naby\u0107 wcze\u015bniej potrzebn\u0105 na takim stanowisku wiedz\u0119 oraz kwalifikacje.&nbsp;<\/p>\n\n\n\n<p>Studia podyplomowe na kierunku <a href=\"https:\/\/www.studia-online.pl\/kursy\/100\">Zarz\u0105dzanie o\u015bwiat\u0105<\/a> <strong>maj\u0105 charakter kwalifikacyjny<\/strong>. Oznacza to, \u017ce absolwenci opr\u00f3cz zastrzyku wiedzy i umiej\u0119tno\u015bci otrzymaj\u0105 uprawnienia do pe\u0142nienia funkcji kierowniczej lub dyrektorskiej w plac\u00f3wkach o\u015bwiatowych okre\u015blonych w Rozporz\u0105dzeniu Ministra Edukacji Narodowej.<\/p>\n\n\n\n<p>Kierunek ten przygotowuje:<\/p>\n\n\n\n<ul class=\"wp-block-list\"><li>nauczycieli, kt\u00f3rzy aspiruj\u0105 do obj\u0119cia stanowiska dyrektora lub kierowniczego w szkole, lub innej plac\u00f3wce bez wzgl\u0119du na specjalno\u015b\u0107 i poziom nauczania.<\/li><li>osoby z wykszta\u0142ceniem wy\u017cszym, kt\u00f3re s\u0105 zainteresowane dokszta\u0142caniem w kierunku zarz\u0105dzania o\u015bwiat\u0105,<\/li><li>animator\u00f3w dzia\u0142a\u0144 oraz organizacji o\u015bwiatowych,<\/li><li>dzia\u0142aczy, lider\u00f3w, a tak\u017ce osoby zaanga\u017cowane w \u017cycie pozarz\u0105dowych organizacji,<\/li><li>pracownik\u00f3w nadzoru pedagogicznego,<\/li><\/ul>\n\n\n\n<h2 class=\"wp-block-heading\"><span class=\"ez-toc-section\" id=\"Dlaczego_studia_z_zakresu_zarzadzania_oswiata_sa_kluczowe_dla_kariery_w_edukacji\"><\/span><strong>Dlaczego studia z zakresu zarz\u0105dzania o\u015bwiat\u0105 s\u0105 kluczowe dla kariery w edukacji?<\/strong><span class=\"ez-toc-section-end\"><\/span><\/h2>\n\n\n\n<p><strong>Uko\u0144czenie studi\u00f3w z zakresu zarz\u0105dzania o\u015bwiat\u0105<\/strong> to inwestycja w przysz\u0142o\u015b\u0107, niezale\u017cnie od aspiracji zawodowych. Nie tylko otwieraj\u0105 one drzwi do stanowisk kierowniczych, takich jak dyrektor szko\u0142y czy kierownik \u015bwietlicy, ale tak\u017ce dostarczaj\u0105 niezb\u0119dnej wiedzy do skutecznej pracy w sektorze o\u015bwiatowym.<\/p>\n\n\n\n<p>Warto podkre\u015bli\u0107, \u017ce plac\u00f3wki edukacyjne maj\u0105 mo\u017cliwo\u015b\u0107 ubiegania si\u0119 o dofinansowanie studi\u00f3w podyplomowych dla swoich pracownik\u00f3w. Dzi\u0119ki temu, studia z zarz\u0105dzania o\u015bwiat\u0105 mog\u0105 by\u0107 dost\u0119pne bez dodatkowych koszt\u00f3w. Wy\u017csza Szko\u0142a Kszta\u0142cenia Zawodowego oferuje elastyczne studia online z tego obszaru, umo\u017cliwiaj\u0105c zdobywanie wiedzy w dogodnym dla siebie tempie i czasie.<\/p>\n\n\n\n<h2 class=\"wp-block-heading\"><span class=\"ez-toc-section\" id=\"Praca_po_studiach_z_zarzadzania_oswiata_%E2%80%93_jakie_role_i_zadania_czekaja_na_absolwentow\"><\/span><strong>Praca po studiach z zarz\u0105dzania o\u015bwiat\u0105 \u2013 jakie role i zadania czekaj\u0105 na absolwent\u00f3w?<\/strong><span class=\"ez-toc-section-end\"><\/span><\/h2>\n\n\n\n<p>Posiadanie specjalistycznej wiedzy i umiej\u0119tno\u015bci zdobytych podczas studi\u00f3w podyplomowych z zakresu zarz\u0105dzania o\u015bwiat\u0105 to nie tylko wym\u00f3g. Jest to tak\u017ce kluczowy atut, kt\u00f3ry umo\u017cliwia efektywne i \u015bwiadome prowadzenie plac\u00f3wki o\u015bwiatowej.<\/p>\n\n\n\n<p>Po realizacji tego kierunku mo\u017cesz pe\u0142ni\u0107 r\u00f3\u017cne role. Przyk\u0142adowo:<\/p>\n\n\n\n<ul class=\"wp-block-list\"><li>dyrektor szko\u0142y,<\/li><li>wicedyrektor szko\u0142y<\/li><li>kierownik plac\u00f3wki o\u015bwiatowej,<\/li><li>pracownik administracji samorz\u0105dowej,<\/li><li>za\u0142o\u017cyciel i kierownik w\u0142asnej plac\u00f3wki edukacyjnej.<\/li><\/ul>\n\n\n\n<p>W dzisiejszych czasach, kiedy edukacja przechodzi dynamiczne zmiany i dostosowuje si\u0119 do nowoczesnych wyzwa\u0144, rola specjalist\u00f3w od zarz\u0105dzania o\u015bwiat\u0105 jest kluczowa. Absolwenci staj\u0105 przed szans\u0105 nie tylko aktywnego uczestnictwa, ale i kszta\u0142towania przysz\u0142o\u015bci sektora edukacji.<\/p>\n\n\n\n<h2 class=\"wp-block-heading\"><span class=\"ez-toc-section\" id=\"FAQ_dla_nauczycieli\"><\/span><strong>FAQ dla nauczycieli:<\/strong><span class=\"ez-toc-section-end\"><\/span><\/h2>\n\n\n\n<p><strong>Kto mo\u017ce zosta\u0107 wicedyrektorem szko\u0142y 2023?<\/strong><\/p>\n\n\n\n<p>Wicedyrektorem szko\u0142y mo\u017ce zosta\u0107 ka\u017cdy, kto spe\u0142nia warunki okre\u015blone w ustawie, kt\u00f3ra przewiduje kilka r\u00f3\u017cnych zestaw\u00f3w wymaga\u0144 dla wicedyrektor\u00f3w i dyrektor\u00f3w szko\u0142y.<\/p>\n\n\n\n<p><strong>Czy wicedyrektor musi mie\u0107 studia z zarz\u0105dzania o\u015bwiat\u0105?<\/strong><\/p>\n\n\n\n<p>Wicedyrektor szko\u0142y powinien mie\u0107 wykszta\u0142cenie kierunkowe z zarz\u0105dzania o\u015bwiat\u0105, kt\u00f3re daje mu pe\u0142ny obraz wiedzy niezb\u0119dnej do pe\u0142nienia tej funkcji. Rozporz\u0105dzenie Ministra Edukacji Narodowej z 2017 roku wraz z p\u00f3\u017aniejszymi zmianami dopuszcza jednak inne rozwi\u0105zania, w zale\u017cno\u015bci od tego, wed\u0142ug kt\u00f3rego zestawu wymaga\u0144 kandydat ubiega si\u0119 o stanowisko.<\/p>\n\n\n\n<p><strong>Ile trwa kadencja wicedyrektora w szkole?<\/strong><\/p>\n\n\n\n<p>Chocia\u017c przepisy nie okre\u015blaj\u0105 wprost d\u0142ugo\u015bci kadencji wicedyrektora szko\u0142y, zazwyczaj powo\u0142uje si\u0119 go na okres 3-5 lat.<\/p>\n\n\n\n<p><strong>Czy wicedyrektor szko\u0142y musi by\u0107 nauczycielem?<\/strong><\/p>\n\n\n\n<p>Wicedyrektor szko\u0142y musi mie\u0107 tytu\u0142 nauczyciela dyplomowanego lub mianowanego. W przypadkach okre\u015blonych przepisami przej\u015bciowymi jego funkcj\u0119 wci\u0105\u017c mog\u0105 pe\u0142ni\u0107 osoby, kt\u00f3re posiadaj\u0105 stopie\u0144 nauczyciela kontraktowego. Wicedyrektorem mo\u017ce by\u0107 jednak nauczyciel, kt\u00f3ry chwilowo jest zwolniony z obowi\u0105zku \u015bwiadczenia pracy, zgodnie z Art. \u00a7 10 Rozporz\u0105dzenia Ministra Edukacji Narodowej z 11 sierpnia 2017 r. W szczeg\u00f3lnych warunkach mo\u017ce nim zosta\u0107 osoba nieb\u0119d\u0105ca nauczycielem, pod warunkiem spe\u0142nienia odpowiednich wymog\u00f3w.<br><\/p>\n\n\n\n<p><br><\/p>\n","protected":false},"excerpt":{"rendered":"<p>Wed\u0142ug Centralnego O\u015brodka Informacji Gospodarczej w 2023 roku w Polsce dzia\u0142a ponad 14 000 przedszkoli, niespe\u0142na 14 400 szk\u00f3\u0142 podstawowych, 4100 lice\u00f3w og\u00f3lnokszta\u0142c\u0105cych i 2030 technik\u00f3w. Z kolei ofert\u0119 edukacyjn\u0105 realizowa\u0142o ponad 340 uczelni wy\u017cszych. Z tego wzgl\u0119du niezwykle istotne jest odpowiednie zarz\u0105dzanie na poziomie jednostek samorz\u0105du terytorialnego, a tak\u017ce funkcji kierowniczych w o\u015bwiacie, aby [&hellip;]<\/p>\n","protected":false},"author":11,"featured_media":9665,"comment_status":"closed","ping_status":"closed","sticky":false,"template":"","format":"standard","meta":{"_lmt_disableupdate":"","_lmt_disable":"","footnotes":""},"categories":[7189,7199],"tags":[7812,7815,7813],"class_list":["post-5604","post","type-post","status-publish","format-standard","has-post-thumbnail","hentry","category-pedagogika","category-zarzadzanie","tag-co-daje-zarzadzanie-oswiata","tag-zarzadzanie-oswiata-gdzie-studiowac","tag-zarzadzanie-oswiata-studia-podyplomowe"],"modified_by":"Emilia","_links":{"self":[{"href":"https:\/\/studia-online.pl\/aktualnosci\/wp-json\/wp\/v2\/posts\/5604","targetHints":{"allow":["GET"]}}],"collection":[{"href":"https:\/\/studia-online.pl\/aktualnosci\/wp-json\/wp\/v2\/posts"}],"about":[{"href":"https:\/\/studia-online.pl\/aktualnosci\/wp-json\/wp\/v2\/types\/post"}],"author":[{"embeddable":true,"href":"https:\/\/studia-online.pl\/aktualnosci\/wp-json\/wp\/v2\/users\/11"}],"replies":[{"embeddable":true,"href":"https:\/\/studia-online.pl\/aktualnosci\/wp-json\/wp\/v2\/comments?post=5604"}],"version-history":[{"count":12,"href":"https:\/\/studia-online.pl\/aktualnosci\/wp-json\/wp\/v2\/posts\/5604\/revisions"}],"predecessor-version":[{"id":9662,"href":"https:\/\/studia-online.pl\/aktualnosci\/wp-json\/wp\/v2\/posts\/5604\/revisions\/9662"}],"wp:featuredmedia":[{"embeddable":true,"href":"https:\/\/studia-online.pl\/aktualnosci\/wp-json\/wp\/v2\/media\/9665"}],"wp:attachment":[{"href":"https:\/\/studia-online.pl\/aktualnosci\/wp-json\/wp\/v2\/media?parent=5604"}],"wp:term":[{"taxonomy":"category","embeddable":true,"href":"https:\/\/studia-online.pl\/aktualnosci\/wp-json\/wp\/v2\/categories?post=5604"},{"taxonomy":"post_tag","embeddable":true,"href":"https:\/\/studia-online.pl\/aktualnosci\/wp-json\/wp\/v2\/tags?post=5604"}],"curies":[{"name":"wp","href":"https:\/\/api.w.org\/{rel}","templated":true}]}}