{"id":17784,"date":"2026-04-30T12:41:17","date_gmt":"2026-04-30T10:41:17","guid":{"rendered":"https:\/\/studia-online.pl\/aktualnosci\/?p=17784"},"modified":"2026-04-30T12:41:18","modified_gmt":"2026-04-30T10:41:18","slug":"jak-slowo-ksztaltuje-komunikacje-i-wplyw-dr-justyna-janus-konarska-juz-23-maja-na-tedxwskz","status":"publish","type":"post","link":"https:\/\/studia-online.pl\/aktualnosci\/jak-slowo-ksztaltuje-komunikacje-i-wplyw-dr-justyna-janus-konarska-juz-23-maja-na-tedxwskz\/","title":{"rendered":"Jak s\u0142owo kszta\u0142tuje komunikacj\u0119 i wp\u0142yw? Dr Justyna Janus-Konarska ju\u017c 23 maja na TEDxWSKZ"},"content":{"rendered":"<div id=\"ez-toc-container\" class=\"ez-toc-v2_0_76 counter-hierarchy ez-toc-counter ez-toc-grey ez-toc-container-direction\">\n<div class=\"ez-toc-title-container\">\n<span class=\"ez-toc-title-toggle\"><a href=\"#\" class=\"ez-toc-pull-right ez-toc-btn ez-toc-btn-xs ez-toc-btn-default ez-toc-toggle\" aria-label=\"Toggle Table of Content\"><span class=\"ez-toc-js-icon-con\"><span class=\"\"><span class=\"eztoc-hide\" style=\"display:none;\">Toggle<\/span><span class=\"ez-toc-icon-toggle-span\"><svg style=\"fill: #999;color:#999\" xmlns=\"http:\/\/www.w3.org\/2000\/svg\" class=\"list-377408\" width=\"20px\" height=\"20px\" viewBox=\"0 0 24 24\" fill=\"none\"><path d=\"M6 6H4v2h2V6zm14 0H8v2h12V6zM4 11h2v2H4v-2zm16 0H8v2h12v-2zM4 16h2v2H4v-2zm16 0H8v2h12v-2z\" fill=\"currentColor\"><\/path><\/svg><svg style=\"fill: #999;color:#999\" class=\"arrow-unsorted-368013\" xmlns=\"http:\/\/www.w3.org\/2000\/svg\" width=\"10px\" height=\"10px\" viewBox=\"0 0 24 24\" version=\"1.2\" baseProfile=\"tiny\"><path d=\"M18.2 9.3l-6.2-6.3-6.2 6.3c-.2.2-.3.4-.3.7s.1.5.3.7c.2.2.4.3.7.3h11c.3 0 .5-.1.7-.3.2-.2.3-.5.3-.7s-.1-.5-.3-.7zM5.8 14.7l6.2 6.3 6.2-6.3c.2-.2.3-.5.3-.7s-.1-.5-.3-.7c-.2-.2-.4-.3-.7-.3h-11c-.3 0-.5.1-.7.3-.2.2-.3.5-.3.7s.1.5.3.7z\"\/><\/svg><\/span><\/span><\/span><\/a><\/span><\/div>\n<nav><ul class='ez-toc-list ez-toc-list-level-1 ' ><li class='ez-toc-page-1 ez-toc-heading-level-2'><a class=\"ez-toc-link ez-toc-heading-1\" href=\"https:\/\/studia-online.pl\/aktualnosci\/jak-slowo-ksztaltuje-komunikacje-i-wplyw-dr-justyna-janus-konarska-juz-23-maja-na-tedxwskz\/#Kim_jest_dr_Justyna_Janus-Konarska\" >Kim jest dr Justyna Janus-Konarska?<\/a><\/li><li class='ez-toc-page-1 ez-toc-heading-level-2'><a class=\"ez-toc-link ez-toc-heading-2\" href=\"https:\/\/studia-online.pl\/aktualnosci\/jak-slowo-ksztaltuje-komunikacje-i-wplyw-dr-justyna-janus-konarska-juz-23-maja-na-tedxwskz\/#Jak_doswiadczenie_dr_Justyny_Janus-Konarskiej_wykracza_poza_media\" >Jak do\u015bwiadczenie dr Justyny Janus-Konarskiej wykracza poza media?<\/a><\/li><li class='ez-toc-page-1 ez-toc-heading-level-2'><a class=\"ez-toc-link ez-toc-heading-3\" href=\"https:\/\/studia-online.pl\/aktualnosci\/jak-slowo-ksztaltuje-komunikacje-i-wplyw-dr-justyna-janus-konarska-juz-23-maja-na-tedxwskz\/#Czym_zajmuje_sie_na_co_dzien_dr_Justyna_Janus-Konarska\" >Czym zajmuje si\u0119 na co dzie\u0144 dr Justyna Janus-Konarska?<\/a><\/li><li class='ez-toc-page-1 ez-toc-heading-level-2'><a class=\"ez-toc-link ez-toc-heading-4\" href=\"https:\/\/studia-online.pl\/aktualnosci\/jak-slowo-ksztaltuje-komunikacje-i-wplyw-dr-justyna-janus-konarska-juz-23-maja-na-tedxwskz\/#TEDxWSKZ_%E2%80%93_dlaczego_to_wiecej_niz_konferencja\" >TEDxWSKZ \u2013 dlaczego to wi\u0119cej ni\u017c konferencja?<\/a><\/li><li class='ez-toc-page-1 ez-toc-heading-level-2'><a class=\"ez-toc-link ez-toc-heading-5\" href=\"https:\/\/studia-online.pl\/aktualnosci\/jak-slowo-ksztaltuje-komunikacje-i-wplyw-dr-justyna-janus-konarska-juz-23-maja-na-tedxwskz\/#FAQ\" >FAQ<\/a><ul class='ez-toc-list-level-3' ><li class='ez-toc-heading-level-3'><a class=\"ez-toc-link ez-toc-heading-6\" href=\"https:\/\/studia-online.pl\/aktualnosci\/jak-slowo-ksztaltuje-komunikacje-i-wplyw-dr-justyna-janus-konarska-juz-23-maja-na-tedxwskz\/#Kim_jest_dr_Justyna_Janus-Konarska-2\" >Kim jest dr Justyna Janus-Konarska?<\/a><\/li><li class='ez-toc-page-1 ez-toc-heading-level-3'><a class=\"ez-toc-link ez-toc-heading-7\" href=\"https:\/\/studia-online.pl\/aktualnosci\/jak-slowo-ksztaltuje-komunikacje-i-wplyw-dr-justyna-janus-konarska-juz-23-maja-na-tedxwskz\/#Dlaczego_warto_zobaczyc_dr_Justyne_Janus-Konarska_na_TEDx_WSKZ\" >Dlaczego warto zobaczy\u0107 dr Justyn\u0119 Janus-Konarsk\u0105 na TEDx WSKZ?<\/a><\/li><li class='ez-toc-page-1 ez-toc-heading-level-3'><a class=\"ez-toc-link ez-toc-heading-8\" href=\"https:\/\/studia-online.pl\/aktualnosci\/jak-slowo-ksztaltuje-komunikacje-i-wplyw-dr-justyna-janus-konarska-juz-23-maja-na-tedxwskz\/#Czym_zajmuje_sie_dr_Justyna_Janus-Konarska_na_co_dzien\" >Czym zajmuje si\u0119 dr Justyna Janus-Konarska na co dzie\u0144?<\/a><\/li><li class='ez-toc-page-1 ez-toc-heading-level-3'><a class=\"ez-toc-link ez-toc-heading-9\" href=\"https:\/\/studia-online.pl\/aktualnosci\/jak-slowo-ksztaltuje-komunikacje-i-wplyw-dr-justyna-janus-konarska-juz-23-maja-na-tedxwskz\/#Czym_jest_TEDx_WSKZ_i_dlaczego_warto_wziac_udzial\" >Czym jest TEDx WSKZ i dlaczego warto wzi\u0105\u0107 udzia\u0142?<\/a><\/li><\/ul><\/li><\/ul><\/nav><\/div>\n\n<p>Czy j\u0119zyk mo\u017ce na prawd\u0119 wp\u0142ywa\u0107 na spos\u00f3b, w jaki my\u015blimy, pracujemy i komunikujemy si\u0119 na co dzie\u0144? Tak \u2013 doskonale pokazuje to dr Justyna Janus-Konarska,<strong> ekspertka \u0142\u0105cz\u0105ca \u015bwiat medi\u00f3w, nauki i biznesu. <\/strong>Ju\u017c 23 maja wyst\u0105pi na scenie TEDx WSKZ: Sky is the\u2026 beginning, gdzie podzieli si\u0119 swoim do\u015bwiadczeniem i spojrzeniem na rol\u0119 komunikacji we wsp\u00f3\u0142czesnym \u015bwiecie. Sprawd\u017a, kim jest prowadz\u0105ca TEDxWSKZ i dlaczego warto j\u0105 pozna\u0107.<\/p>\n\n\n\n<h2 class=\"wp-block-heading\"><span class=\"ez-toc-section\" id=\"Kim_jest_dr_Justyna_Janus-Konarska\"><\/span>Kim jest dr Justyna Janus-Konarska?<span class=\"ez-toc-section-end\"><\/span><\/h2>\n\n\n\n<p>Dr Justyna Janus-Konarska to j\u0119zykoznawczyni, medioznawczyni oraz specjalistka w zakresie komunikacji. Znana jest publiczno\u015bci m.in. jako w<strong>sp\u00f3\u0142prowadz\u0105ca program \u201eS\u0142ownik polsko@polski\u201d w TVP Polonia, realizowany wsp\u00f3lnie z prof. Janem Miodkiem.<\/strong><\/p>\n\n\n\n<p>Od ponad 20 lat zwi\u0105zana jest z mediami \u2013<strong> jako dziennikarka, prezenterka telewizyjna i autorka publikacji po\u015bwi\u0119conych j\u0119zykowi oraz komunikacji. <\/strong>Jednocze\u015bnie dzia\u0142a w \u015brodowisku akademickim, ucz\u0105c m.in. j\u0119zyka polskiego jako obcego i rozwijaj\u0105c kompetencje komunikacyjne w r\u00f3\u017cnych grupach odbiorc\u00f3w.<\/p>\n\n\n\n<p>Dowiedz si\u0119 wi\u0119cej o pracy dr Justyny Janus-Konarskiej \u2013 zapisz si\u0119 na TEDx WSKZ i <strong>poznaj j\u0119zyk polski, od strony kt\u00f3rej si\u0119 nie spodziewa\u0142e\u015b: <\/strong><a href=\"http:\/\/tedxwskz.pl\" rel=\"external nofollow noopener\" target=\"_blank\">tedxwskz.pl<\/a><strong>. <\/strong>&nbsp;<\/p>\n\n\n\n<h2 class=\"wp-block-heading\"><span class=\"ez-toc-section\" id=\"Jak_doswiadczenie_dr_Justyny_Janus-Konarskiej_wykracza_poza_media\"><\/span>Jak do\u015bwiadczenie dr Justyny Janus-Konarskiej wykracza poza media?<span class=\"ez-toc-section-end\"><\/span><\/h2>\n\n\n\n<p>Dr Justyna Janus-Konarska \u0142\u0105czy wiedz\u0119 teoretyczn\u0105 z praktyk\u0105 biznesow\u0105 i projektow\u0105. Specjalizuje si\u0119 w zarz\u0105dzaniu zmian\u0105 strategiczn\u0105 oraz komunikacj\u0105 w du\u017cych organizacjach, co <strong>pozwala jej dzia\u0142a\u0107 na styku edukacji, medi\u00f3w i biznesu.<\/strong><\/p>\n\n\n\n<p>Jej do\u015bwiadczenie obejmuje m.in.:<\/p>\n\n\n\n<ul class=\"wp-block-list\">\n<li>prowadzenie transformacji organizacyjnych w obszarach HR, Finance i Payroll;<\/li>\n\n\n\n<li>projektowanie strategii komunikacji i do\u015bwiadcze\u0144 pracowniczych;<\/li>\n\n\n\n<li>realizacj\u0119 mi\u0119dzynarodowych projekt\u00f3w szkoleniowych i doradczych;<\/li>\n\n\n\n<li>zarz\u0105dzanie zespo\u0142ami mi\u0119dzyfunkcyjnymi i wdra\u017canie system\u00f3w globalnych.<\/li>\n<\/ul>\n\n\n\n<h2 class=\"wp-block-heading\"><span class=\"ez-toc-section\" id=\"Czym_zajmuje_sie_na_co_dzien_dr_Justyna_Janus-Konarska\"><\/span>Czym zajmuje si\u0119 na co dzie\u0144 dr Justyna Janus-Konarska?<span class=\"ez-toc-section-end\"><\/span><\/h2>\n\n\n\n<p>Na co dzie\u0144 dr Justyna Janus-Konarska dzia\u0142a jako ekspertka komunikacji, trenerka i mentorka. <strong>Wspiera organizacje oraz osoby indywidualne w rozwijaniu kompetencji j\u0119zykowych i interpersonalnych.<\/strong><\/p>\n\n\n\n<p>W swojej codziennej pracy:<\/p>\n\n\n\n<ul class=\"wp-block-list\">\n<li>prowadzi szkolenia i warsztaty z zakresu komunikacji i j\u0119zyka;<\/li>\n\n\n\n<li>uczestniczy w projektach edukacyjnych i mentoringowych;<\/li>\n\n\n\n<li>tworzy i wsp\u00f3\u0142tworzy programy medialne;<\/li>\n\n\n\n<li>rozwija dzia\u0142ania \u0142\u0105cz\u0105ce j\u0119zyk, kultur\u0119 i nowoczesne media.<\/li>\n<\/ul>\n\n\n\n<p>Jest tak\u017ce autork\u0105 licznych publikacji i <strong>aktywnie anga\u017cuje si\u0119 w inicjatywy wspieraj\u0105ce \u015bwiadome i odpowiedzialne u\u017cywanie j\u0119zyka.<\/strong><\/p>\n\n\n\n<figure class=\"wp-block-image size-large\"><img loading=\"lazy\" decoding=\"async\" width=\"1024\" height=\"536\" src=\"https:\/\/studia-online.pl\/aktualnosci\/wp-content\/uploads\/2026\/04\/tedx-wskz-1-1024x536.jpg\" alt=\"tedx wskz\" class=\"wp-image-17758\" srcset=\"https:\/\/studia-online.pl\/aktualnosci\/wp-content\/uploads\/2026\/04\/tedx-wskz-1-1024x536.jpg 1024w, https:\/\/studia-online.pl\/aktualnosci\/wp-content\/uploads\/2026\/04\/tedx-wskz-1-300x157.jpg 300w, https:\/\/studia-online.pl\/aktualnosci\/wp-content\/uploads\/2026\/04\/tedx-wskz-1-768x402.jpg 768w, https:\/\/studia-online.pl\/aktualnosci\/wp-content\/uploads\/2026\/04\/tedx-wskz-1-696x364.jpg 696w, https:\/\/studia-online.pl\/aktualnosci\/wp-content\/uploads\/2026\/04\/tedx-wskz-1-1068x559.jpg 1068w, https:\/\/studia-online.pl\/aktualnosci\/wp-content\/uploads\/2026\/04\/tedx-wskz-1-803x420.jpg 803w, https:\/\/studia-online.pl\/aktualnosci\/wp-content\/uploads\/2026\/04\/tedx-wskz-1.jpg 1200w\" sizes=\"auto, (max-width: 1024px) 100vw, 1024px\" \/><\/figure>\n\n\n\n<h2 class=\"wp-block-heading\"><span class=\"ez-toc-section\" id=\"TEDxWSKZ_%E2%80%93_dlaczego_to_wiecej_niz_konferencja\"><\/span>TEDxWSKZ \u2013 dlaczego to wi\u0119cej ni\u017c konferencja?<span class=\"ez-toc-section-end\"><\/span><\/h2>\n\n\n\n<p><a href=\"https:\/\/studia-online.pl\/aktualnosci\/tedxwskz-sky-is-the-beginning-czyli-idee-ktore-siegaja-dalej-niz-akademickie-mury\/\">TEDxWSKZ: Sky is the beginning<\/a> to wydarzenie, kt\u00f3re \u0142\u0105czy inspiruj\u0105ce wyst\u0105pienia z cenn\u0105 warto\u015bci\u0105 edukacyjn\u0105. To przestrze\u0144 dla os\u00f3b, kt\u00f3re <strong>chc\u0105 rozwija\u0107 si\u0119, poznawa\u0107 nowe perspektywy i wys\u0142ucha\u0107 ekspert\u00f3w z r\u00f3\u017cnych dziedzin.<\/strong><\/p>\n\n\n\n<p>Udzia\u0142 w spotkaniu daje mo\u017cliwo\u015b\u0107:<\/p>\n\n\n\n<ul class=\"wp-block-list\">\n<li>zdobycia nowej perspektywy;<\/li>\n\n\n\n<li>poznania inspiruj\u0105cych osobowo\u015bci, takich jak dr Justyna Janus-Konarska;<\/li>\n\n\n\n<li>rozwoju osobistego i zawodowego;<\/li>\n<\/ul>\n\n\n\n<p>Je\u015bli chcesz zobaczy\u0107, jak j\u0119zyk, komunikacja i do\u015bwiadczenie \u0142\u0105cz\u0105 si\u0119 w inspiruj\u0105c\u0105 ca\u0142o\u015b\u0107 \u2013 nie przegap TEDx WSKZ. Zarejestruj si\u0119 ju\u017c dzi\u015b i poznaj prowadz\u0105c\u0105 oraz prelegent\u00f3w wydarzenia: tedxwskz.pl<\/p>\n\n\n\n<h2 class=\"wp-block-heading\"><span class=\"ez-toc-section\" id=\"FAQ\"><\/span>FAQ<span class=\"ez-toc-section-end\"><\/span><\/h2>\n\n\n\n<h3 class=\"wp-block-heading\"><span class=\"ez-toc-section\" id=\"Kim_jest_dr_Justyna_Janus-Konarska-2\"><\/span>Kim jest dr Justyna Janus-Konarska?<span class=\"ez-toc-section-end\"><\/span><\/h3>\n\n\n\n<p>Dr Justyna Janus-Konarska to j\u0119zykoznawczyni, medioznawczyni i ekspertka komunikacji, znana m.in. z programu \u201eS\u0142ownik polsko@polski\u201d. Jej obecno\u015b\u0107 na TEDx WSKZ podkre\u015bla znaczenie j\u0119zyka i komunikacji we wsp\u00f3\u0142czesnym \u015bwiecie.<\/p>\n\n\n\n<h3 class=\"wp-block-heading\"><span class=\"ez-toc-section\" id=\"Dlaczego_warto_zobaczyc_dr_Justyne_Janus-Konarska_na_TEDx_WSKZ\"><\/span>Dlaczego warto zobaczy\u0107 dr Justyn\u0119 Janus-Konarsk\u0105 na TEDx WSKZ?<span class=\"ez-toc-section-end\"><\/span><\/h3>\n\n\n\n<p>Dr Justyna Janus-Konarska jako prowadz\u0105ca TEDx WSKZ wnosi do\u015bwiadczenie z obszaru medi\u00f3w, edukacji i biznesu. Jej udzia\u0142 w TEDx gwarantuje wysoki poziom merytoryczny oraz inspiruj\u0105c\u0105 form\u0119 wydarzenia.<\/p>\n\n\n\n<h3 class=\"wp-block-heading\"><span class=\"ez-toc-section\" id=\"Czym_zajmuje_sie_dr_Justyna_Janus-Konarska_na_co_dzien\"><\/span>Czym zajmuje si\u0119 dr Justyna Janus-Konarska na co dzie\u0144?<span class=\"ez-toc-section-end\"><\/span><\/h3>\n\n\n\n<p>Dr Justyna Janus-Konarska pracuje jako trenerka, wyk\u0142adowczyni i specjalistka ds. komunikacji, realizuj\u0105c projekty edukacyjne i biznesowe. Jej do\u015bwiadczenie sprawia, \u017ce TEDx WSKZ zyskuje profesjonaln\u0105 i anga\u017cuj\u0105c\u0105 opraw\u0119.<\/p>\n\n\n\n<h3 class=\"wp-block-heading\"><span class=\"ez-toc-section\" id=\"Czym_jest_TEDx_WSKZ_i_dlaczego_warto_wziac_udzial\"><\/span>Czym jest TEDx WSKZ i dlaczego warto wzi\u0105\u0107 udzia\u0142?<span class=\"ez-toc-section-end\"><\/span><\/h3>\n\n\n\n<p>TEDx WSKZ to wydarzenie \u0142\u0105cz\u0105ce inspiruj\u0105ce wyst\u0105pienia i warto\u015bciow\u0105 wiedz\u0119 od ekspert\u00f3w, takich jak dr Justyna Janus-Konarska. Udzia\u0142 w TEDx to szansa na rozw\u00f3j, nowe idee i kontakt z osobami, kt\u00f3re kszta\u0142tuj\u0105 wsp\u00f3\u0142czesny \u015bwiat komunikacji i biznesu.<\/p>\n","protected":false},"excerpt":{"rendered":"<p>Czy j\u0119zyk mo\u017ce na prawd\u0119 wp\u0142ywa\u0107 na spos\u00f3b, w jaki my\u015blimy, pracujemy i komunikujemy si\u0119 na co dzie\u0144? Tak \u2013 doskonale pokazuje to dr Justyna Janus-Konarska, ekspertka \u0142\u0105cz\u0105ca \u015bwiat medi\u00f3w, nauki i biznesu. Ju\u017c 23 maja wyst\u0105pi na scenie TEDx WSKZ: Sky is the\u2026 beginning, gdzie podzieli si\u0119 swoim do\u015bwiadczeniem i spojrzeniem na rol\u0119 komunikacji [&hellip;]<\/p>\n","protected":false},"author":26,"featured_media":17791,"comment_status":"closed","ping_status":"closed","sticky":false,"template":"","format":"standard","meta":{"_lmt_disableupdate":"","_lmt_disable":"","footnotes":""},"categories":[8027],"tags":[],"class_list":["post-17784","post","type-post","status-publish","format-standard","has-post-thumbnail","hentry","category-porady-i-aktualnosci"],"modified_by":"KarinaD","_links":{"self":[{"href":"https:\/\/studia-online.pl\/aktualnosci\/wp-json\/wp\/v2\/posts\/17784","targetHints":{"allow":["GET"]}}],"collection":[{"href":"https:\/\/studia-online.pl\/aktualnosci\/wp-json\/wp\/v2\/posts"}],"about":[{"href":"https:\/\/studia-online.pl\/aktualnosci\/wp-json\/wp\/v2\/types\/post"}],"author":[{"embeddable":true,"href":"https:\/\/studia-online.pl\/aktualnosci\/wp-json\/wp\/v2\/users\/26"}],"replies":[{"embeddable":true,"href":"https:\/\/studia-online.pl\/aktualnosci\/wp-json\/wp\/v2\/comments?post=17784"}],"version-history":[{"count":1,"href":"https:\/\/studia-online.pl\/aktualnosci\/wp-json\/wp\/v2\/posts\/17784\/revisions"}],"predecessor-version":[{"id":17793,"href":"https:\/\/studia-online.pl\/aktualnosci\/wp-json\/wp\/v2\/posts\/17784\/revisions\/17793"}],"wp:featuredmedia":[{"embeddable":true,"href":"https:\/\/studia-online.pl\/aktualnosci\/wp-json\/wp\/v2\/media\/17791"}],"wp:attachment":[{"href":"https:\/\/studia-online.pl\/aktualnosci\/wp-json\/wp\/v2\/media?parent=17784"}],"wp:term":[{"taxonomy":"category","embeddable":true,"href":"https:\/\/studia-online.pl\/aktualnosci\/wp-json\/wp\/v2\/categories?post=17784"},{"taxonomy":"post_tag","embeddable":true,"href":"https:\/\/studia-online.pl\/aktualnosci\/wp-json\/wp\/v2\/tags?post=17784"}],"curies":[{"name":"wp","href":"https:\/\/api.w.org\/{rel}","templated":true}]}}