{"id":17782,"date":"2026-04-30T12:27:29","date_gmt":"2026-04-30T10:27:29","guid":{"rendered":"https:\/\/studia-online.pl\/aktualnosci\/?p=17782"},"modified":"2026-04-30T12:27:31","modified_gmt":"2026-04-30T10:27:31","slug":"zobacz-jak-baba-od-polskiego-przelamuje-szkolne-schematy-aneta-korycinska-juz-23-maja-na-tedxwskz","status":"publish","type":"post","link":"https:\/\/studia-online.pl\/aktualnosci\/zobacz-jak-baba-od-polskiego-przelamuje-szkolne-schematy-aneta-korycinska-juz-23-maja-na-tedxwskz\/","title":{"rendered":"Zobacz, jak Baba od polskiego prze\u0142amuje szkolne schematy \u2013 Aneta Koryci\u0144ska ju\u017c 23 maja na TEDxWSKZ"},"content":{"rendered":"<div id=\"ez-toc-container\" class=\"ez-toc-v2_0_76 counter-hierarchy ez-toc-counter ez-toc-grey ez-toc-container-direction\">\n<div class=\"ez-toc-title-container\">\n<span class=\"ez-toc-title-toggle\"><a href=\"#\" class=\"ez-toc-pull-right ez-toc-btn ez-toc-btn-xs ez-toc-btn-default ez-toc-toggle\" aria-label=\"Toggle Table of Content\"><span class=\"ez-toc-js-icon-con\"><span class=\"\"><span class=\"eztoc-hide\" style=\"display:none;\">Toggle<\/span><span class=\"ez-toc-icon-toggle-span\"><svg style=\"fill: #999;color:#999\" xmlns=\"http:\/\/www.w3.org\/2000\/svg\" class=\"list-377408\" width=\"20px\" height=\"20px\" viewBox=\"0 0 24 24\" fill=\"none\"><path d=\"M6 6H4v2h2V6zm14 0H8v2h12V6zM4 11h2v2H4v-2zm16 0H8v2h12v-2zM4 16h2v2H4v-2zm16 0H8v2h12v-2z\" fill=\"currentColor\"><\/path><\/svg><svg style=\"fill: #999;color:#999\" class=\"arrow-unsorted-368013\" xmlns=\"http:\/\/www.w3.org\/2000\/svg\" width=\"10px\" height=\"10px\" viewBox=\"0 0 24 24\" version=\"1.2\" baseProfile=\"tiny\"><path d=\"M18.2 9.3l-6.2-6.3-6.2 6.3c-.2.2-.3.4-.3.7s.1.5.3.7c.2.2.4.3.7.3h11c.3 0 .5-.1.7-.3.2-.2.3-.5.3-.7s-.1-.5-.3-.7zM5.8 14.7l6.2 6.3 6.2-6.3c.2-.2.3-.5.3-.7s-.1-.5-.3-.7c-.2-.2-.4-.3-.7-.3h-11c-.3 0-.5.1-.7.3-.2.2-.3.5-.3.7s.1.5.3.7z\"\/><\/svg><\/span><\/span><\/span><\/a><\/span><\/div>\n<nav><ul class='ez-toc-list ez-toc-list-level-1 ' ><li class='ez-toc-page-1 ez-toc-heading-level-2'><a class=\"ez-toc-link ez-toc-heading-1\" href=\"https:\/\/studia-online.pl\/aktualnosci\/zobacz-jak-baba-od-polskiego-przelamuje-szkolne-schematy-aneta-korycinska-juz-23-maja-na-tedxwskz\/#Kim_jest_Aneta_Korycinska\" >Kim jest Aneta Koryci\u0144ska?<\/a><\/li><li class='ez-toc-page-1 ez-toc-heading-level-2'><a class=\"ez-toc-link ez-toc-heading-2\" href=\"https:\/\/studia-online.pl\/aktualnosci\/zobacz-jak-baba-od-polskiego-przelamuje-szkolne-schematy-aneta-korycinska-juz-23-maja-na-tedxwskz\/#Jak_doswiadczenie_Anety_Korycinskiej_wykracza_poza_schematy\" >Jak do\u015bwiadczenie Anety Koryci\u0144skiej wykracza poza schematy?<\/a><\/li><li class='ez-toc-page-1 ez-toc-heading-level-2'><a class=\"ez-toc-link ez-toc-heading-3\" href=\"https:\/\/studia-online.pl\/aktualnosci\/zobacz-jak-baba-od-polskiego-przelamuje-szkolne-schematy-aneta-korycinska-juz-23-maja-na-tedxwskz\/#Czym_zajmuje_sie_na_co_dzien_Baba_od_polskiego\" >Czym zajmuje si\u0119 na co dzie\u0144 Baba od polskiego?<\/a><\/li><li class='ez-toc-page-1 ez-toc-heading-level-2'><a class=\"ez-toc-link ez-toc-heading-4\" href=\"https:\/\/studia-online.pl\/aktualnosci\/zobacz-jak-baba-od-polskiego-przelamuje-szkolne-schematy-aneta-korycinska-juz-23-maja-na-tedxwskz\/#TEDxWSKZ_%E2%80%93_dlaczego_to_wiecej_niz_konferencja\" >TEDxWSKZ \u2013 dlaczego to wi\u0119cej ni\u017c konferencja?<\/a><\/li><li class='ez-toc-page-1 ez-toc-heading-level-2'><a class=\"ez-toc-link ez-toc-heading-5\" href=\"https:\/\/studia-online.pl\/aktualnosci\/zobacz-jak-baba-od-polskiego-przelamuje-szkolne-schematy-aneta-korycinska-juz-23-maja-na-tedxwskz\/#FAQ\" >FAQ<\/a><ul class='ez-toc-list-level-3' ><li class='ez-toc-heading-level-3'><a class=\"ez-toc-link ez-toc-heading-6\" href=\"https:\/\/studia-online.pl\/aktualnosci\/zobacz-jak-baba-od-polskiego-przelamuje-szkolne-schematy-aneta-korycinska-juz-23-maja-na-tedxwskz\/#Kim_jest_Aneta_Korycinska_%E2%80%93_Baba_od_polskiego\" >Kim jest Aneta Koryci\u0144ska \u2013 Baba od polskiego?<\/a><\/li><li class='ez-toc-page-1 ez-toc-heading-level-3'><a class=\"ez-toc-link ez-toc-heading-7\" href=\"https:\/\/studia-online.pl\/aktualnosci\/zobacz-jak-baba-od-polskiego-przelamuje-szkolne-schematy-aneta-korycinska-juz-23-maja-na-tedxwskz\/#Dlaczego_warto_posluchac_Anety_Korycinskiej_na_TEDx_WSKZ\" >Dlaczego warto pos\u0142ucha\u0107 Anety Koryci\u0144skiej na TEDx WSKZ?<\/a><\/li><li class='ez-toc-page-1 ez-toc-heading-level-3'><a class=\"ez-toc-link ez-toc-heading-8\" href=\"https:\/\/studia-online.pl\/aktualnosci\/zobacz-jak-baba-od-polskiego-przelamuje-szkolne-schematy-aneta-korycinska-juz-23-maja-na-tedxwskz\/#Czego_mozna_sie_nauczyc_z_wystapienia_Baby_od_polskiego_na_TEDx\" >Czego mo\u017cna si\u0119 nauczy\u0107 z wyst\u0105pienia Baby od polskiego na TEDx?<\/a><\/li><li class='ez-toc-page-1 ez-toc-heading-level-3'><a class=\"ez-toc-link ez-toc-heading-9\" href=\"https:\/\/studia-online.pl\/aktualnosci\/zobacz-jak-baba-od-polskiego-przelamuje-szkolne-schematy-aneta-korycinska-juz-23-maja-na-tedxwskz\/#Czym_jest_TEDx_WSKZ_i_dlaczego_warto_wziac_udzial\" >Czym jest TEDx WSKZ i dlaczego warto wzi\u0105\u0107 udzia\u0142?<\/a><\/li><\/ul><\/li><\/ul><\/nav><\/div>\n\n<p>Kim jest Aneta Koryci\u0144ska? To polonistka i tw\u00f3rczyni znana jako Baba od polskiego, kt\u00f3ra <strong>od lat pokazuje, \u017ce nauka mo\u017ce by\u0107 anga\u017cuj\u0105ca i pe\u0142na emocji.<\/strong> Sprawd\u017a, jakie do\u015bwiadczenie stoi za jej sukcesem i czego mo\u017cesz si\u0119 spodziewa\u0107 podczas TEDxWSKZ: Sky is the\u2026 beginning.<\/p>\n\n\n\n<h2 class=\"wp-block-heading\"><span class=\"ez-toc-section\" id=\"Kim_jest_Aneta_Korycinska\"><\/span>Kim jest Aneta Koryci\u0144ska?<span class=\"ez-toc-section-end\"><\/span><\/h2>\n\n\n\n<p>Aneta Koryci\u0144ska to polonistka, oligofrenopedago\u017cka i<strong> popularyzatorka wiedzy o j\u0119zyku oraz literaturze polskiej. <\/strong>Szerokiej publiczno\u015bci znana jest jako Baba od polskiego, kt\u00f3ra <strong>w przyst\u0119pny i humorystyczny spos\u00f3b t\u0142umaczy zagadnienia szkolne.<\/strong><\/p>\n\n\n\n<p>Od 2017 roku rozwija swoj\u0105 mark\u0119 edukacyjn\u0105, docieraj\u0105c do milion\u00f3w odbiorc\u00f3w i udowadniaj\u0105c, \u017ce j<strong>\u0119zyk polski nie musi by\u0107 trudny ani nudny. Na co dzie\u0144:&nbsp;<\/strong><\/p>\n\n\n\n<ul class=\"wp-block-list\">\n<li>tworzy scenariusze lekcji;<\/li>\n\n\n\n<li>prowadzi spotkania literackie i edukacyjne;<\/li>\n\n\n\n<li>anga\u017cuje si\u0119 w projekty \u0142\u0105cz\u0105ce kultur\u0119, edukacj\u0119 i nowe media.<\/li>\n<\/ul>\n\n\n\n<h2 class=\"wp-block-heading\"><span class=\"ez-toc-section\" id=\"Jak_doswiadczenie_Anety_Korycinskiej_wykracza_poza_schematy\"><\/span>Jak do\u015bwiadczenie Anety Koryci\u0144skiej wykracza poza schematy?<span class=\"ez-toc-section-end\"><\/span><\/h2>\n\n\n\n<p>Aneta Koryci\u0144ska pokazuje, \u017ce edukacja nie musi opiera\u0107 si\u0119 na schematach i \u201ezakuwaniu\u201d. Jej podej\u015bcie <strong>opiera si\u0119 na zrozumieniu, emocjach i wykorzystaniu mnemotechnik, kt\u00f3re pomagaj\u0105 skuteczniej przyswaja\u0107 wiedz\u0119.<\/strong> Jak sama m\u00f3wi o swojej pracy:\u00a0<\/p>\n\n\n\n<blockquote class=\"wp-block-quote has-medium-font-size is-layout-flow wp-block-quote-is-layout-flow\">\n<p><em>Wymy\u015bli\u0142am sobie najbardziej sformalizowany zaw\u00f3d \u015bwiata, a wykonuj\u0119 go tak, \u017ce wspaniale si\u0119 przy tym bawi\u0119. [&#8230;] Od lat udowadniam, \u017ce j\u0119zyk polski nie musi by\u0107 nudny, a nauka mo\u017ce by\u0107 przygod\u0105, emocj\u0105 i sposobem na poznanie siebie<\/em><strong><em>.&nbsp;<\/em><\/strong><\/p>\n<\/blockquote>\n\n\n\n<h2 class=\"wp-block-heading\"><span class=\"ez-toc-section\" id=\"Czym_zajmuje_sie_na_co_dzien_Baba_od_polskiego\"><\/span>Czym zajmuje si\u0119 na co dzie\u0144 Baba od polskiego?<span class=\"ez-toc-section-end\"><\/span><\/h2>\n\n\n\n<p>Na co dzie\u0144 prelegentka <strong>\u0142\u0105czy dzia\u0142alno\u015b\u0107 edukacyjn\u0105 z tworzeniem nowoczesnych tre\u015bci i projekt\u00f3w. <\/strong>W swojej pracy:<\/p>\n\n\n\n<ul class=\"wp-block-list\">\n<li>tworzy anga\u017cuj\u0105ce materia\u0142y edukacyjne i tre\u015bci w mediach spo\u0142eczno\u015bciowych;<\/li>\n\n\n\n<li>prowadzi podcasty, w tym \u201eMatura po godzinach\u201d dla Polskiego Radia;<\/li>\n\n\n\n<li>opracowuje scenariusze lekcyjne dla instytucji kultury;<\/li>\n\n\n\n<li>organizuje wydarzenia edukacyjne, takie jak Romantykon;<\/li>\n\n\n\n<li>szkoli uczni\u00f3w, nauczycieli i organizacje.\u00a0<\/li>\n<\/ul>\n\n\n\n<p>Jest tak\u017ce <strong>autork\u0105 ksi\u0105\u017cek, gier edukacyjnych i projekt\u00f3w wspieraj\u0105cych rozw\u00f3j czytelnictwa. <\/strong>Jej dzia\u0142alno\u015b\u0107 zosta\u0142a doceniona m.in. nagrod\u0105 VIVELO Top Creators 2024 oraz wyr\u00f3\u017cnieniem w konkursie Ksi\u0105\u017cka Roku 2024 Polskiej Sekcji IBBY.<\/p>\n\n\n\n<figure class=\"wp-block-image size-large\"><img loading=\"lazy\" decoding=\"async\" width=\"1024\" height=\"536\" src=\"https:\/\/studia-online.pl\/aktualnosci\/wp-content\/uploads\/2026\/04\/tedx-wskz-1-1024x536.jpg\" alt=\"tedx wskz\" class=\"wp-image-17758\" srcset=\"https:\/\/studia-online.pl\/aktualnosci\/wp-content\/uploads\/2026\/04\/tedx-wskz-1-1024x536.jpg 1024w, https:\/\/studia-online.pl\/aktualnosci\/wp-content\/uploads\/2026\/04\/tedx-wskz-1-300x157.jpg 300w, https:\/\/studia-online.pl\/aktualnosci\/wp-content\/uploads\/2026\/04\/tedx-wskz-1-768x402.jpg 768w, https:\/\/studia-online.pl\/aktualnosci\/wp-content\/uploads\/2026\/04\/tedx-wskz-1-696x364.jpg 696w, https:\/\/studia-online.pl\/aktualnosci\/wp-content\/uploads\/2026\/04\/tedx-wskz-1-1068x559.jpg 1068w, https:\/\/studia-online.pl\/aktualnosci\/wp-content\/uploads\/2026\/04\/tedx-wskz-1-803x420.jpg 803w, https:\/\/studia-online.pl\/aktualnosci\/wp-content\/uploads\/2026\/04\/tedx-wskz-1.jpg 1200w\" sizes=\"auto, (max-width: 1024px) 100vw, 1024px\" \/><\/figure>\n\n\n\n<h2 class=\"wp-block-heading\"><span class=\"ez-toc-section\" id=\"TEDxWSKZ_%E2%80%93_dlaczego_to_wiecej_niz_konferencja\"><\/span>TEDxWSKZ \u2013 dlaczego to wi\u0119cej ni\u017c konferencja?<span class=\"ez-toc-section-end\"><\/span><\/h2>\n\n\n\n<p>TEDxWSKZ: Sky is the beginning to wydarzenie, kt\u00f3re <strong>\u0142\u0105czy inspiruj\u0105ce wyst\u0105pienia z cenn\u0105 warto\u015bci\u0105 edukacyjn\u0105. <\/strong>To przestrze\u0144 dla os\u00f3b, kt\u00f3re chc\u0105 my\u015ble\u0107 inaczej, rozwija\u0107 si\u0119 i poznawa\u0107 ludzi zmieniaj\u0105cych wsp\u00f3\u0142czesny \u015bwiat.<\/p>\n\n\n\n<p>Udzia\u0142 w wydarzeniu daje mo\u017cliwo\u015b\u0107:<\/p>\n\n\n\n<ul class=\"wp-block-list\">\n<li>zdobycia nowej perspektywy;<\/li>\n\n\n\n<li>poznania inspiruj\u0105cych ekspert\u00f3w, takich jak Aneta Koryci\u0144ska;<\/li>\n\n\n\n<li>rozwoju osobistego i zawodowego.<\/li>\n<\/ul>\n\n\n\n<p>Je\u015bli chcesz zobaczy\u0107,<strong> jak wygl\u0105da edukacja bez schemat\u00f3w i pos\u0142ucha\u0107 wyst\u0105pienia, kt\u00f3re zmienia podej\u015bcie do nauki <\/strong>\u2013 nie przegap tego wydarzenia. Zarejestruj si\u0119 ju\u017c dzi\u015b i zobacz wyst\u0105pienie Baby od polskiego oraz innych prelegent\u00f3w: <a href=\"http:\/\/tedxwskz.pl\" rel=\"external nofollow noopener\" target=\"_blank\">tedxwskz.pl<\/a>.&nbsp;<\/p>\n\n\n\n<h2 class=\"wp-block-heading\"><span class=\"ez-toc-section\" id=\"FAQ\"><\/span>FAQ<span class=\"ez-toc-section-end\"><\/span><\/h2>\n\n\n\n<h3 class=\"wp-block-heading\"><span class=\"ez-toc-section\" id=\"Kim_jest_Aneta_Korycinska_%E2%80%93_Baba_od_polskiego\"><\/span>Kim jest Aneta Koryci\u0144ska \u2013 Baba od polskiego?<span class=\"ez-toc-section-end\"><\/span><\/h3>\n\n\n\n<p>Aneta Koryci\u0144ska, znana jako Baba od polskiego, to polonistka, podcasterka i popularyzatorka wiedzy o j\u0119zyku, kt\u00f3ra \u0142\u0105czy edukacj\u0119 z nowoczesnymi formami komunikacji. Jej dzia\u0142alno\u015b\u0107 sprawia, \u017ce wyst\u0105pienie na TEDx WSKZ jest szczeg\u00f3lnie interesuj\u0105ce dla os\u00f3b zwi\u0105zanych z edukacj\u0105 i rozwojem.<\/p>\n\n\n\n<h3 class=\"wp-block-heading\"><span class=\"ez-toc-section\" id=\"Dlaczego_warto_posluchac_Anety_Korycinskiej_na_TEDx_WSKZ\"><\/span>Dlaczego warto pos\u0142ucha\u0107 Anety Koryci\u0144skiej na TEDx WSKZ?<span class=\"ez-toc-section-end\"><\/span><\/h3>\n\n\n\n<p>Aneta Koryci\u0144ska podczas TEDxWSKZ poka\u017ce, jak mo\u017cna uczy\u0107 si\u0119 skutecznie i anga\u017cuj\u0105co, bez schemat\u00f3w i zb\u0119dnego stresu. Jej wyst\u0105pienie pozwoli zmieni\u0107 podej\u015bcie do nauki i rozwijania w\u0142asnych metod pracy.<\/p>\n\n\n\n<h3 class=\"wp-block-heading\"><span class=\"ez-toc-section\" id=\"Czego_mozna_sie_nauczyc_z_wystapienia_Baby_od_polskiego_na_TEDx\"><\/span>Czego mo\u017cna si\u0119 nauczy\u0107 z wyst\u0105pienia Baby od polskiego na TEDx?<span class=\"ez-toc-section-end\"><\/span><\/h3>\n\n\n\n<p>Wyst\u0105pienie Anety Koryci\u0144skiej na TEDxWSKZ pozwoli zrozumie\u0107, jak dzia\u0142a efektywne uczenie si\u0119 oparte na zrozumieniu i emocjach.&nbsp;<\/p>\n\n\n\n<h3 class=\"wp-block-heading\"><span class=\"ez-toc-section\" id=\"Czym_jest_TEDx_WSKZ_i_dlaczego_warto_wziac_udzial\"><\/span>Czym jest TEDx WSKZ i dlaczego warto wzi\u0105\u0107 udzia\u0142?<span class=\"ez-toc-section-end\"><\/span><\/h3>\n\n\n\n<p>TEDx WSKZ to wydarzenie, kt\u00f3re \u0142\u0105czy inspiruj\u0105ce wyst\u0105pienia ekspert\u00f3w, takich jak Aneta Koryci\u0144ska, z praktyczn\u0105 warto\u015bci\u0105 edukacyjn\u0105. Udzia\u0142 w TEDx daje mo\u017cliwo\u015b\u0107 rozwoju, zdobycia nowych inspiracji i poznania ludzi, kt\u00f3rzy zmieniaj\u0105 spos\u00f3b my\u015blenia o nauce i biznesie.<\/p>\n","protected":false},"excerpt":{"rendered":"<p>Kim jest Aneta Koryci\u0144ska? To polonistka i tw\u00f3rczyni znana jako Baba od polskiego, kt\u00f3ra od lat pokazuje, \u017ce nauka mo\u017ce by\u0107 anga\u017cuj\u0105ca i pe\u0142na emocji. Sprawd\u017a, jakie do\u015bwiadczenie stoi za jej sukcesem i czego mo\u017cesz si\u0119 spodziewa\u0107 podczas TEDxWSKZ: Sky is the\u2026 beginning. Kim jest Aneta Koryci\u0144ska? Aneta Koryci\u0144ska to polonistka, oligofrenopedago\u017cka i popularyzatorka wiedzy [&hellip;]<\/p>\n","protected":false},"author":26,"featured_media":17787,"comment_status":"closed","ping_status":"closed","sticky":false,"template":"","format":"standard","meta":{"_lmt_disableupdate":"","_lmt_disable":"","footnotes":""},"categories":[8027],"tags":[],"class_list":["post-17782","post","type-post","status-publish","format-standard","has-post-thumbnail","hentry","category-porady-i-aktualnosci"],"modified_by":"KarinaD","_links":{"self":[{"href":"https:\/\/studia-online.pl\/aktualnosci\/wp-json\/wp\/v2\/posts\/17782","targetHints":{"allow":["GET"]}}],"collection":[{"href":"https:\/\/studia-online.pl\/aktualnosci\/wp-json\/wp\/v2\/posts"}],"about":[{"href":"https:\/\/studia-online.pl\/aktualnosci\/wp-json\/wp\/v2\/types\/post"}],"author":[{"embeddable":true,"href":"https:\/\/studia-online.pl\/aktualnosci\/wp-json\/wp\/v2\/users\/26"}],"replies":[{"embeddable":true,"href":"https:\/\/studia-online.pl\/aktualnosci\/wp-json\/wp\/v2\/comments?post=17782"}],"version-history":[{"count":1,"href":"https:\/\/studia-online.pl\/aktualnosci\/wp-json\/wp\/v2\/posts\/17782\/revisions"}],"predecessor-version":[{"id":17788,"href":"https:\/\/studia-online.pl\/aktualnosci\/wp-json\/wp\/v2\/posts\/17782\/revisions\/17788"}],"wp:featuredmedia":[{"embeddable":true,"href":"https:\/\/studia-online.pl\/aktualnosci\/wp-json\/wp\/v2\/media\/17787"}],"wp:attachment":[{"href":"https:\/\/studia-online.pl\/aktualnosci\/wp-json\/wp\/v2\/media?parent=17782"}],"wp:term":[{"taxonomy":"category","embeddable":true,"href":"https:\/\/studia-online.pl\/aktualnosci\/wp-json\/wp\/v2\/categories?post=17782"},{"taxonomy":"post_tag","embeddable":true,"href":"https:\/\/studia-online.pl\/aktualnosci\/wp-json\/wp\/v2\/tags?post=17782"}],"curies":[{"name":"wp","href":"https:\/\/api.w.org\/{rel}","templated":true}]}}