{"id":17781,"date":"2026-04-30T12:20:31","date_gmt":"2026-04-30T10:20:31","guid":{"rendered":"https:\/\/studia-online.pl\/aktualnosci\/?p=17781"},"modified":"2026-04-30T12:20:32","modified_gmt":"2026-04-30T10:20:32","slug":"sylwia-ksiazek-ekspertka-od-przywodztwa-i-rozwoju-organizacji-juz-wkrotce-na-scenie-tedxwskz","status":"publish","type":"post","link":"https:\/\/studia-online.pl\/aktualnosci\/sylwia-ksiazek-ekspertka-od-przywodztwa-i-rozwoju-organizacji-juz-wkrotce-na-scenie-tedxwskz\/","title":{"rendered":"Sylwia Ksi\u0105\u017cek \u2013 ekspertka od przyw\u00f3dztwa i rozwoju organizacji ju\u017c wkr\u00f3tce na scenie TEDxWSKZ"},"content":{"rendered":"<div id=\"ez-toc-container\" class=\"ez-toc-v2_0_76 counter-hierarchy ez-toc-counter ez-toc-grey ez-toc-container-direction\">\n<div class=\"ez-toc-title-container\">\n<span class=\"ez-toc-title-toggle\"><a href=\"#\" class=\"ez-toc-pull-right ez-toc-btn ez-toc-btn-xs ez-toc-btn-default ez-toc-toggle\" aria-label=\"Toggle Table of Content\"><span class=\"ez-toc-js-icon-con\"><span class=\"\"><span class=\"eztoc-hide\" style=\"display:none;\">Toggle<\/span><span class=\"ez-toc-icon-toggle-span\"><svg style=\"fill: #999;color:#999\" xmlns=\"http:\/\/www.w3.org\/2000\/svg\" class=\"list-377408\" width=\"20px\" height=\"20px\" viewBox=\"0 0 24 24\" fill=\"none\"><path d=\"M6 6H4v2h2V6zm14 0H8v2h12V6zM4 11h2v2H4v-2zm16 0H8v2h12v-2zM4 16h2v2H4v-2zm16 0H8v2h12v-2z\" fill=\"currentColor\"><\/path><\/svg><svg style=\"fill: #999;color:#999\" class=\"arrow-unsorted-368013\" xmlns=\"http:\/\/www.w3.org\/2000\/svg\" width=\"10px\" height=\"10px\" viewBox=\"0 0 24 24\" version=\"1.2\" baseProfile=\"tiny\"><path d=\"M18.2 9.3l-6.2-6.3-6.2 6.3c-.2.2-.3.4-.3.7s.1.5.3.7c.2.2.4.3.7.3h11c.3 0 .5-.1.7-.3.2-.2.3-.5.3-.7s-.1-.5-.3-.7zM5.8 14.7l6.2 6.3 6.2-6.3c.2-.2.3-.5.3-.7s-.1-.5-.3-.7c-.2-.2-.4-.3-.7-.3h-11c-.3 0-.5.1-.7.3-.2.2-.3.5-.3.7s.1.5.3.7z\"\/><\/svg><\/span><\/span><\/span><\/a><\/span><\/div>\n<nav><ul class='ez-toc-list ez-toc-list-level-1 ' ><li class='ez-toc-page-1 ez-toc-heading-level-2'><a class=\"ez-toc-link ez-toc-heading-1\" href=\"https:\/\/studia-online.pl\/aktualnosci\/sylwia-ksiazek-ekspertka-od-przywodztwa-i-rozwoju-organizacji-juz-wkrotce-na-scenie-tedxwskz\/#Kim_jest_Sylwia_Ksiazek\" >Kim jest Sylwia Ksi\u0105\u017cek?<\/a><\/li><li class='ez-toc-page-1 ez-toc-heading-level-2'><a class=\"ez-toc-link ez-toc-heading-2\" href=\"https:\/\/studia-online.pl\/aktualnosci\/sylwia-ksiazek-ekspertka-od-przywodztwa-i-rozwoju-organizacji-juz-wkrotce-na-scenie-tedxwskz\/#Jak_doswiadczenie_ekspertki_wykracza_poza_teorie\" >Jak do\u015bwiadczenie ekspertki wykracza poza teori\u0119?&nbsp;<\/a><\/li><li class='ez-toc-page-1 ez-toc-heading-level-2'><a class=\"ez-toc-link ez-toc-heading-3\" href=\"https:\/\/studia-online.pl\/aktualnosci\/sylwia-ksiazek-ekspertka-od-przywodztwa-i-rozwoju-organizacji-juz-wkrotce-na-scenie-tedxwskz\/#Czym_dr_Sylwia_Ksiazek_zajmuje_sie_na_co_dzien\" >Czym dr Sylwia Ksi\u0105\u017cek zajmuje si\u0119 na co dzie\u0144?&nbsp;<\/a><\/li><li class='ez-toc-page-1 ez-toc-heading-level-2'><a class=\"ez-toc-link ez-toc-heading-4\" href=\"https:\/\/studia-online.pl\/aktualnosci\/sylwia-ksiazek-ekspertka-od-przywodztwa-i-rozwoju-organizacji-juz-wkrotce-na-scenie-tedxwskz\/#TEDxWSKZ_%E2%80%93_dlaczego_to_wiecej_niz_konferencja\" >TEDxWSKZ \u2013 dlaczego to wi\u0119cej ni\u017c konferencja?&nbsp;<\/a><\/li><li class='ez-toc-page-1 ez-toc-heading-level-2'><a class=\"ez-toc-link ez-toc-heading-5\" href=\"https:\/\/studia-online.pl\/aktualnosci\/sylwia-ksiazek-ekspertka-od-przywodztwa-i-rozwoju-organizacji-juz-wkrotce-na-scenie-tedxwskz\/#FAQ\" >FAQ<\/a><ul class='ez-toc-list-level-3' ><li class='ez-toc-heading-level-3'><a class=\"ez-toc-link ez-toc-heading-6\" href=\"https:\/\/studia-online.pl\/aktualnosci\/sylwia-ksiazek-ekspertka-od-przywodztwa-i-rozwoju-organizacji-juz-wkrotce-na-scenie-tedxwskz\/#Kim_jest_Sylwia_Ksiazek_i_czym_sie_zajmuje\" >Kim jest Sylwia Ksi\u0105\u017cek i czym si\u0119 zajmuje?<\/a><\/li><li class='ez-toc-page-1 ez-toc-heading-level-3'><a class=\"ez-toc-link ez-toc-heading-7\" href=\"https:\/\/studia-online.pl\/aktualnosci\/sylwia-ksiazek-ekspertka-od-przywodztwa-i-rozwoju-organizacji-juz-wkrotce-na-scenie-tedxwskz\/#Dlaczego_warto_posluchac_Sylwii_Ksiazek_na_TEDx_WSKZ\" >Dlaczego warto pos\u0142ucha\u0107 Sylwii Ksi\u0105\u017cek na TEDx WSKZ?<\/a><\/li><li class='ez-toc-page-1 ez-toc-heading-level-3'><a class=\"ez-toc-link ez-toc-heading-8\" href=\"https:\/\/studia-online.pl\/aktualnosci\/sylwia-ksiazek-ekspertka-od-przywodztwa-i-rozwoju-organizacji-juz-wkrotce-na-scenie-tedxwskz\/#Czego_mozna_sie_dowiedziec_z_wystapienia_Sylwii_Ksiazek_na_TEDx\" >Czego mo\u017cna si\u0119 dowiedzie\u0107 z wyst\u0105pienia Sylwii Ksi\u0105\u017cek na TEDx?<\/a><\/li><li class='ez-toc-page-1 ez-toc-heading-level-3'><a class=\"ez-toc-link ez-toc-heading-9\" href=\"https:\/\/studia-online.pl\/aktualnosci\/sylwia-ksiazek-ekspertka-od-przywodztwa-i-rozwoju-organizacji-juz-wkrotce-na-scenie-tedxwskz\/#Czym_jest_wydarzenie_TEDx_WSKZ_i_dlaczego_warto_w_nim_uczestniczyc\" >Czym jest wydarzenie TEDx WSKZ i dlaczego warto w nim uczestniczy\u0107?<\/a><\/li><\/ul><\/li><\/ul><\/nav><\/div>\n\n<p>Kim jest Sylwia Ksi\u0105\u017cek? To ekspertka <strong>\u0142\u0105cz\u0105ca nauk\u0119, biznes i rozw\u00f3j kompetencji przysz\u0142o\u015bci, kt\u00f3ra ju\u017c 23 maja wyst\u0105pi podczas wydarzenia TEDx organizowanego przez Wy\u017csz\u0105 Szko\u0142\u0119 Kszta\u0142cenia Zawodowego. <\/strong>Sprawd\u017a, jakie do\u015bwiadczenie stoi za jej sukcesem i czego dowiesz si\u0119 na TEDxWSKZ: Sky is the&#8230;beginning.&nbsp;<\/p>\n\n\n\n<h2 class=\"wp-block-heading\"><span class=\"ez-toc-section\" id=\"Kim_jest_Sylwia_Ksiazek\"><\/span>Kim jest Sylwia Ksi\u0105\u017cek?<span class=\"ez-toc-section-end\"><\/span><\/h2>\n\n\n\n<p>Sylwia Ksi\u0105\u017cek to doktor nauk spo\u0142ecznych i wyk\u0142adowczyni akademicka. Jest tak\u017ce <strong>autork\u0105 publikacji naukowych po\u015bwi\u0119conych m.in. zarz\u0105dzaniu bezpiecze\u0144stwem w lotnictwie cywilnym i bezpiecze\u0144stwu lokalnemu.<\/strong> Stopie\u0144 doktora uzyska\u0142a na Akademii Wojsk L\u0105dowych, rozwijaj\u0105c swoje zainteresowania w obszarze zarz\u0105dzania i bezpiecze\u0144stwa w kontek\u015bcie cywilnym.<\/p>\n\n\n\n<p>Jej \u015bcie\u017cka edukacyjna obejmuje r\u00f3wnie\u017c dwa kierunki magisterskie \u2013 stosunki mi\u0119dzynarodowe oraz bezpiecze\u0144stwo narodowe. Takie wykszta\u0142cenie <strong>pozwala patrze\u0107 dr Sylwii Ksi\u0105\u017cek na wsp\u00f3\u0142czesne wyzwania w spos\u00f3b interdyscyplinarny.&nbsp;<\/strong><\/p>\n\n\n\n<h2 class=\"wp-block-heading\"><span class=\"ez-toc-section\" id=\"Jak_doswiadczenie_ekspertki_wykracza_poza_teorie\"><\/span>Jak do\u015bwiadczenie ekspertki wykracza poza teori\u0119?&nbsp;<span class=\"ez-toc-section-end\"><\/span><\/h2>\n\n\n\n<p>Sylwia Ksi\u0105\u017cek pokazuje, \u017ce rozw\u00f3j organizacji zaczyna si\u0119 od ludzi \u2013 ich kompetencji, \u015bwiadomo\u015bci i gotowo\u015bci na zmiany. Jej podej\u015bcie<strong> \u0142\u0105czy analityczne my\u015blenie z praktycznymi rozwi\u0105zaniami, kt\u00f3re mo\u017cna wdro\u017cy\u0107 w codziennym \u015brodowisku biznesowym. <\/strong>Specjalizuje si\u0119 w rozwoju lider\u00f3w i zespo\u0142\u00f3w, a tak\u017ce w zarz\u0105dzaniu:<\/p>\n\n\n\n<ul class=\"wp-block-list\">\n<li>operacyjnym;<\/li>\n\n\n\n<li>strategicznym;<\/li>\n\n\n\n<li>projektowym.\u00a0<\/li>\n<\/ul>\n\n\n\n<h2 class=\"wp-block-heading\"><span class=\"ez-toc-section\" id=\"Czym_dr_Sylwia_Ksiazek_zajmuje_sie_na_co_dzien\"><\/span>Czym dr Sylwia Ksi\u0105\u017cek zajmuje si\u0119 na co dzie\u0144?&nbsp;<span class=\"ez-toc-section-end\"><\/span><\/h2>\n\n\n\n<p>Nasza prelegentka jest za\u0142o\u017cycielk\u0105 marki HR2Face, w ramach kt\u00f3rej <strong>wspiera organizacje w budowaniu efektywnych struktur i kompetencji przysz\u0142o\u015bci.&nbsp;<\/strong><\/p>\n\n\n\n<p>W swojej codziennej pracy:<\/p>\n\n\n\n<ul class=\"wp-block-list\">\n<li>projektuje strategie zarz\u0105dzania talentami i transformuje kultur\u0119 organizacyjn\u0105;<\/li>\n\n\n\n<li>realizuje projekty mi\u0119dzynarodowe, dostosowuj\u0105c rozwi\u0105zania do zmian rynkowych;<\/li>\n\n\n\n<li>\u0142\u0105czy obszar HR z efektywno\u015bci\u0105 operacyjn\u0105, wspieraj\u0105c rozw\u00f3j organizacji;<\/li>\n\n\n\n<li>wykorzystuje nowoczesne technologie, w tym AI, w procesach rekrutacji i rozwoju pracownik\u00f3w.\u00a0<\/li>\n<\/ul>\n\n\n\n<p>Ekspertka za swoj\u0105 dzia\u0142alno\u015b\u0107 <strong>zosta\u0142a wyr\u00f3\u017cniona nagrod\u0105 Lider Inteligentnego Rozwoju 2025. <\/strong>Potwierdza to jej wp\u0142yw na rozw\u00f3j nowoczesnego podej\u015bcia do zarz\u0105dzania i przyw\u00f3dztwa.<\/p>\n\n\n\n<figure class=\"wp-block-image size-large\"><img loading=\"lazy\" decoding=\"async\" width=\"1024\" height=\"512\" src=\"https:\/\/studia-online.pl\/aktualnosci\/wp-content\/uploads\/2026\/04\/tedx-wskz-co-to-1-1024x512.png\" alt=\"tedx wskz\" class=\"wp-image-17762\" srcset=\"https:\/\/studia-online.pl\/aktualnosci\/wp-content\/uploads\/2026\/04\/tedx-wskz-co-to-1-1024x512.png 1024w, https:\/\/studia-online.pl\/aktualnosci\/wp-content\/uploads\/2026\/04\/tedx-wskz-co-to-1-300x150.png 300w, https:\/\/studia-online.pl\/aktualnosci\/wp-content\/uploads\/2026\/04\/tedx-wskz-co-to-1-768x384.png 768w, https:\/\/studia-online.pl\/aktualnosci\/wp-content\/uploads\/2026\/04\/tedx-wskz-co-to-1-696x348.png 696w, https:\/\/studia-online.pl\/aktualnosci\/wp-content\/uploads\/2026\/04\/tedx-wskz-co-to-1-1068x534.png 1068w, https:\/\/studia-online.pl\/aktualnosci\/wp-content\/uploads\/2026\/04\/tedx-wskz-co-to-1-839x420.png 839w, https:\/\/studia-online.pl\/aktualnosci\/wp-content\/uploads\/2026\/04\/tedx-wskz-co-to-1.png 1413w\" sizes=\"auto, (max-width: 1024px) 100vw, 1024px\" \/><\/figure>\n\n\n\n<h2 class=\"wp-block-heading\"><span class=\"ez-toc-section\" id=\"TEDxWSKZ_%E2%80%93_dlaczego_to_wiecej_niz_konferencja\"><\/span>TEDxWSKZ \u2013 dlaczego to wi\u0119cej ni\u017c konferencja?&nbsp;<span class=\"ez-toc-section-end\"><\/span><\/h2>\n\n\n\n<p><a href=\"https:\/\/studia-online.pl\/aktualnosci\/tedxwskz-sky-is-the-beginning-czyli-idee-ktore-siegaja-dalej-niz-akademickie-mury\/\">TEDxWSKZ: Sky is the beginning<\/a> to wydarzenie, kt\u00f3re <strong>\u0142\u0105czy inspiruj\u0105ce wyst\u0105pienia z cenn\u0105 warto\u015bci\u0105 edukacyjn\u0105. <\/strong>To tak\u017ce okazja, by pos\u0142ucha\u0107 ekspert\u00f3w, kt\u00f3rzy nie tylko m\u00f3wi\u0105 o zmianach, ale aktywnie je tworz\u0105.<\/p>\n\n\n\n<p>Udzia\u0142 w spotkaniu jest bezp\u0142atny i daje mo\u017cliwo\u015b\u0107:<\/p>\n\n\n\n<ul class=\"wp-block-list\">\n<li>zdobycia nowej perspektywy;<\/li>\n\n\n\n<li>poznania lider\u00f3w i praktyk\u00f3w z r\u00f3\u017cnych bran\u017c;<\/li>\n\n\n\n<li>rozwoju osobisty i zawodowy.\u00a0<\/li>\n<\/ul>\n\n\n\n<p>Je\u015bli chcesz zobaczy\u0107,<strong> jak idee przek\u0142adaj\u0105 si\u0119 na prawdziwe dzia\u0142ania i zainspirowa\u0107 si\u0119 historiami os\u00f3b, kt\u00f3re kszta\u0142tuj\u0105 przysz\u0142o\u015b\u0107 <\/strong>\u2013 nie przegap tego wydarzenia. Zarejestruj si\u0119 ju\u017c dzi\u015b i obejrzyj wyst\u0105pienie Sylwii Ksi\u0105\u017cek oraz innych prelegent\u00f3w, kt\u00f3rzy poka\u017c\u0105, \u017ce rozw\u00f3j zaczyna si\u0119 tam, gdzie ko\u0144cz\u0105 si\u0119 schematy: tedxwskz.pl.&nbsp;<\/p>\n\n\n\n<h2 class=\"wp-block-heading\"><span class=\"ez-toc-section\" id=\"FAQ\"><\/span>FAQ<span class=\"ez-toc-section-end\"><\/span><\/h2>\n\n\n\n<h3 class=\"wp-block-heading\"><span class=\"ez-toc-section\" id=\"Kim_jest_Sylwia_Ksiazek_i_czym_sie_zajmuje\"><\/span>Kim jest Sylwia Ksi\u0105\u017cek i czym si\u0119 zajmuje?<span class=\"ez-toc-section-end\"><\/span><\/h3>\n\n\n\n<p>Sylwia Ksi\u0105\u017cek to doktor nauk spo\u0142ecznych, wyk\u0142adowczyni akademicka oraz ekspertka w obszarze zarz\u0105dzania i rozwoju organizacji. Jej dzia\u0142alno\u015b\u0107 \u0142\u0105czy nauk\u0119 i biznes, co czyni jej wyst\u0105pienie na TEDx szczeg\u00f3lnie warto\u015bciowym dla os\u00f3b zainteresowanych przyw\u00f3dztwem i kompetencjami przysz\u0142o\u015bci.<\/p>\n\n\n\n<h3 class=\"wp-block-heading\"><span class=\"ez-toc-section\" id=\"Dlaczego_warto_posluchac_Sylwii_Ksiazek_na_TEDx_WSKZ\"><\/span>Dlaczego warto pos\u0142ucha\u0107 Sylwii Ksi\u0105\u017cek na TEDx WSKZ?<span class=\"ez-toc-section-end\"><\/span><\/h3>\n\n\n\n<p>Sylwia Ksi\u0105\u017cek podczas TEDx WSKZ dzieli si\u0119 praktycznym podej\u015bciem do zarz\u0105dzania i rozwoju lider\u00f3w, opartym na wieloletnim do\u015bwiadczeniu biznesowym. Jej wyst\u0105pienie TEDx pokazuje, jak skutecznie \u0142\u0105czy\u0107 strategi\u0119, HR i rozw\u00f3j organizacji w zmieniaj\u0105cym si\u0119 \u015bwiecie.<\/p>\n\n\n\n<h3 class=\"wp-block-heading\"><span class=\"ez-toc-section\" id=\"Czego_mozna_sie_dowiedziec_z_wystapienia_Sylwii_Ksiazek_na_TEDx\"><\/span>Czego mo\u017cna si\u0119 dowiedzie\u0107 z wyst\u0105pienia Sylwii Ksi\u0105\u017cek na TEDx?<span class=\"ez-toc-section-end\"><\/span><\/h3>\n\n\n\n<p>Wyst\u0105pienie Sylwii Ksi\u0105\u017cek na TEDx WSKZ pozwala lepiej zrozumie\u0107, jak budowa\u0107 organizacje odporne na zmiany i rozwija\u0107 kompetencje przysz\u0142o\u015bci. Prelegentka pokazuje r\u00f3wnie\u017c, jak \u015bwiadome przyw\u00f3dztwo i praca z lud\u017ami wp\u0142ywaj\u0105 na sukces biznesowy.<\/p>\n\n\n\n<h3 class=\"wp-block-heading\"><span class=\"ez-toc-section\" id=\"Czym_jest_wydarzenie_TEDx_WSKZ_i_dlaczego_warto_w_nim_uczestniczyc\"><\/span>Czym jest wydarzenie TEDx WSKZ i dlaczego warto w nim uczestniczy\u0107?<span class=\"ez-toc-section-end\"><\/span><\/h3>\n\n\n\n<p>TEDx WSKZ to wydarzenie, kt\u00f3re \u0142\u0105czy inspiruj\u0105ce wyst\u0105pienia ekspert\u00f3w, takich jak Sylwia Ksi\u0105\u017cek, z warto\u015bci\u0105 edukacyjn\u0105. Udzia\u0142 w TEDx daje mo\u017cliwo\u015b\u0107 zdobycia nowej perspektywy, poznania lider\u00f3w oraz rozwoju osobistego i zawodowego.<\/p>\n","protected":false},"excerpt":{"rendered":"<p>Kim jest Sylwia Ksi\u0105\u017cek? To ekspertka \u0142\u0105cz\u0105ca nauk\u0119, biznes i rozw\u00f3j kompetencji przysz\u0142o\u015bci, kt\u00f3ra ju\u017c 23 maja wyst\u0105pi podczas wydarzenia TEDx organizowanego przez Wy\u017csz\u0105 Szko\u0142\u0119 Kszta\u0142cenia Zawodowego. Sprawd\u017a, jakie do\u015bwiadczenie stoi za jej sukcesem i czego dowiesz si\u0119 na TEDxWSKZ: Sky is the&#8230;beginning.&nbsp; Kim jest Sylwia Ksi\u0105\u017cek? Sylwia Ksi\u0105\u017cek to doktor nauk spo\u0142ecznych i wyk\u0142adowczyni [&hellip;]<\/p>\n","protected":false},"author":26,"featured_media":17785,"comment_status":"closed","ping_status":"closed","sticky":false,"template":"","format":"standard","meta":{"_lmt_disableupdate":"","_lmt_disable":"","footnotes":""},"categories":[8027],"tags":[],"class_list":["post-17781","post","type-post","status-publish","format-standard","has-post-thumbnail","hentry","category-porady-i-aktualnosci"],"modified_by":"KarinaD","_links":{"self":[{"href":"https:\/\/studia-online.pl\/aktualnosci\/wp-json\/wp\/v2\/posts\/17781","targetHints":{"allow":["GET"]}}],"collection":[{"href":"https:\/\/studia-online.pl\/aktualnosci\/wp-json\/wp\/v2\/posts"}],"about":[{"href":"https:\/\/studia-online.pl\/aktualnosci\/wp-json\/wp\/v2\/types\/post"}],"author":[{"embeddable":true,"href":"https:\/\/studia-online.pl\/aktualnosci\/wp-json\/wp\/v2\/users\/26"}],"replies":[{"embeddable":true,"href":"https:\/\/studia-online.pl\/aktualnosci\/wp-json\/wp\/v2\/comments?post=17781"}],"version-history":[{"count":1,"href":"https:\/\/studia-online.pl\/aktualnosci\/wp-json\/wp\/v2\/posts\/17781\/revisions"}],"predecessor-version":[{"id":17786,"href":"https:\/\/studia-online.pl\/aktualnosci\/wp-json\/wp\/v2\/posts\/17781\/revisions\/17786"}],"wp:featuredmedia":[{"embeddable":true,"href":"https:\/\/studia-online.pl\/aktualnosci\/wp-json\/wp\/v2\/media\/17785"}],"wp:attachment":[{"href":"https:\/\/studia-online.pl\/aktualnosci\/wp-json\/wp\/v2\/media?parent=17781"}],"wp:term":[{"taxonomy":"category","embeddable":true,"href":"https:\/\/studia-online.pl\/aktualnosci\/wp-json\/wp\/v2\/categories?post=17781"},{"taxonomy":"post_tag","embeddable":true,"href":"https:\/\/studia-online.pl\/aktualnosci\/wp-json\/wp\/v2\/tags?post=17781"}],"curies":[{"name":"wp","href":"https:\/\/api.w.org\/{rel}","templated":true}]}}