{"id":17232,"date":"2026-03-06T13:42:00","date_gmt":"2026-03-06T12:42:00","guid":{"rendered":"https:\/\/studia-online.pl\/aktualnosci\/?p=17232"},"modified":"2026-03-06T13:43:00","modified_gmt":"2026-03-06T12:43:00","slug":"zachowania-ryzykowne-dzieci-i-mlodziezy-debata-o-wyzwaniach-dla-psychoprofilaktyki","status":"publish","type":"post","link":"https:\/\/studia-online.pl\/aktualnosci\/zachowania-ryzykowne-dzieci-i-mlodziezy-debata-o-wyzwaniach-dla-psychoprofilaktyki\/","title":{"rendered":"Zachowania ryzykowne dzieci i m\u0142odzie\u017cy \u2013 debata o wyzwaniach dla psychoprofilaktyki"},"content":{"rendered":"<div id=\"ez-toc-container\" class=\"ez-toc-v2_0_76 counter-hierarchy ez-toc-counter ez-toc-grey ez-toc-container-direction\">\n<div class=\"ez-toc-title-container\">\n<span class=\"ez-toc-title-toggle\"><a href=\"#\" class=\"ez-toc-pull-right ez-toc-btn ez-toc-btn-xs ez-toc-btn-default ez-toc-toggle\" aria-label=\"Toggle Table of Content\"><span class=\"ez-toc-js-icon-con\"><span class=\"\"><span class=\"eztoc-hide\" style=\"display:none;\">Toggle<\/span><span class=\"ez-toc-icon-toggle-span\"><svg style=\"fill: #999;color:#999\" xmlns=\"http:\/\/www.w3.org\/2000\/svg\" class=\"list-377408\" width=\"20px\" height=\"20px\" viewBox=\"0 0 24 24\" fill=\"none\"><path d=\"M6 6H4v2h2V6zm14 0H8v2h12V6zM4 11h2v2H4v-2zm16 0H8v2h12v-2zM4 16h2v2H4v-2zm16 0H8v2h12v-2z\" fill=\"currentColor\"><\/path><\/svg><svg style=\"fill: #999;color:#999\" class=\"arrow-unsorted-368013\" xmlns=\"http:\/\/www.w3.org\/2000\/svg\" width=\"10px\" height=\"10px\" viewBox=\"0 0 24 24\" version=\"1.2\" baseProfile=\"tiny\"><path d=\"M18.2 9.3l-6.2-6.3-6.2 6.3c-.2.2-.3.4-.3.7s.1.5.3.7c.2.2.4.3.7.3h11c.3 0 .5-.1.7-.3.2-.2.3-.5.3-.7s-.1-.5-.3-.7zM5.8 14.7l6.2 6.3 6.2-6.3c.2-.2.3-.5.3-.7s-.1-.5-.3-.7c-.2-.2-.4-.3-.7-.3h-11c-.3 0-.5.1-.7.3-.2.2-.3.5-.3.7s.1.5.3.7z\"\/><\/svg><\/span><\/span><\/span><\/a><\/span><\/div>\n<nav><ul class='ez-toc-list ez-toc-list-level-1 ' ><li class='ez-toc-page-1 ez-toc-heading-level-2'><a class=\"ez-toc-link ez-toc-heading-1\" href=\"https:\/\/studia-online.pl\/aktualnosci\/zachowania-ryzykowne-dzieci-i-mlodziezy-debata-o-wyzwaniach-dla-psychoprofilaktyki\/#Organizatorzy_wydarzenia\" >Organizatorzy wydarzenia<\/a><\/li><li class='ez-toc-page-1 ez-toc-heading-level-2'><a class=\"ez-toc-link ez-toc-heading-2\" href=\"https:\/\/studia-online.pl\/aktualnosci\/zachowania-ryzykowne-dzieci-i-mlodziezy-debata-o-wyzwaniach-dla-psychoprofilaktyki\/#Wystapienia_ekspertow\" >Wyst\u0105pienia ekspert\u00f3w<\/a><\/li><li class='ez-toc-page-1 ez-toc-heading-level-2'><a class=\"ez-toc-link ez-toc-heading-3\" href=\"https:\/\/studia-online.pl\/aktualnosci\/zachowania-ryzykowne-dzieci-i-mlodziezy-debata-o-wyzwaniach-dla-psychoprofilaktyki\/#Warsztaty_i_wymiana_doswiadczen\" >Warsztaty i wymiana do\u015bwiadcze\u0144<\/a><\/li><\/ul><\/nav><\/div>\n\n<p>26 lutego 2026 r. we wroc\u0142awskim Q Hotel Plus przy ul. Zaolzia\u0144skiej odby\u0142a si\u0119 konferencja \u201eZachowania ryzykowne dzieci i m\u0142odzie\u017cy.\u00a0<strong>Wyzwania dla psychoprofilaktyki\u201d. Wydarzenie zgromadzi\u0142o liczne grono specjalist\u00f3w pracuj\u0105cych z m\u0142odymi lud\u017ami.\u00a0<\/strong>W\u015br\u00f3d go\u015bci znale\u017ali si\u0119 psycholodzy i pedagodzy szkolni, dyrektorzy plac\u00f3wek o\u015bwiatowych i wychowawczych, kuratorzy s\u0105dowi, pracownicy socjalni oraz rodzice pieczy zast\u0119pczej. Spotkanie sta\u0142o si\u0119 przestrzeni\u0105 do merytorycznej dyskusji o rosn\u0105cej skali zachowa\u0144 ryzykownych w\u015br\u00f3d dzieci i m\u0142odzie\u017cy oraz o potrzebie poszukiwania nowych, skutecznych narz\u0119dzi psychoprofilaktyki.<\/p>\n\n\n\n<h2 class=\"wp-block-heading\"><span class=\"ez-toc-section\" id=\"Organizatorzy_wydarzenia\"><\/span>Organizatorzy wydarzenia<span class=\"ez-toc-section-end\"><\/span><\/h2>\n\n\n\n<p>Konferencja pokaza\u0142a, jak&nbsp;<strong>wa\u017cna jest wsp\u00f3\u0142praca \u015brodowiska akademickiego z praktykami pracuj\u0105cymi na co dzie\u0144 z m\u0142odymi lud\u017ami<\/strong>. Zosta\u0142a ona zorganizowana przez:<\/p>\n\n\n\n<ul class=\"wp-block-list\">\n<li>Wy\u017csz\u0105 Szko\u0142\u0119 Kszta\u0142cenia Zawodowego \u2013 Instytut Psychologii;<\/li>\n\n\n\n<li>Samorz\u0105d Studencki WSKZ;<\/li>\n\n\n\n<li>Stowarzyszenie Psychoedukacji i Terapii \u201eEvolutio\u201d;<\/li>\n\n\n\n<li>Fundacj\u0119 Pozytywnej Profilaktyki.<\/li>\n<\/ul>\n\n\n\n<p>Wsp\u00f3\u0142praca \u015brodowiska akademickiego, praktyk\u00f3w oraz organizacji spo\u0142ecznych pozwoli\u0142a&nbsp;<strong>stworzy\u0107 wydarzenie o wysokiej warto\u015bci merytorycznej i praktycznej.<\/strong><\/p>\n\n\n\n<h2 class=\"wp-block-heading\"><span class=\"ez-toc-section\" id=\"Wystapienia_ekspertow\"><\/span>Wyst\u0105pienia ekspert\u00f3w<span class=\"ez-toc-section-end\"><\/span><\/h2>\n\n\n\n<p>Konferencj\u0119 otworzy\u0142a&nbsp;<strong>dr hab. Anna Mosio\u0142ek, prof. APS<\/strong>, wyk\u0142adem pt. \u201eOd zani\u017conej samooceny do zachowa\u0144 suicydalnych. Delegacje dla psychoprofilaktyki\u201d. Prelegentka om\u00f3wi\u0142a mechanizmy prowadz\u0105ce od problem\u00f3w z samoocen\u0105 do powa\u017cnych kryzys\u00f3w psychicznych, zwracaj\u0105c uwag\u0119 na znaczenie wczesnego rozpoznawania sygna\u0142\u00f3w ostrzegawczych.<\/p>\n\n\n\n<p>Nast\u0119pnie&nbsp;<strong>dr hab. Mariusz Z. J\u0119drzejko, prof. WSKZ<\/strong>&nbsp;zaprezentowa\u0142 wyst\u0105pienie pt. \u201eCzy i jak nowe technologie i cyfrowe sieci spo\u0142eczne zmieniaj\u0105 cz\u0142owieka? Wyzwania, wobec kt\u00f3rych wsp\u00f3lnie stajemy\u201d. Ekspert m\u00f3wi\u0142 m.in. o wp\u0142ywie cyfrowych \u015brodowisk na rozw\u00f3j emocjonalny m\u0142odych ludzi, zmianach w relacjach spo\u0142ecznych oraz o potrzebie odpowiedzialnego towarzyszenia m\u0142odzie\u017cy w \u015bwiecie online.<\/p>\n\n\n\n<p>Perspektyw\u0119 systemow\u0105 przedstawi\u0142&nbsp;<strong>dr Artur Malczewski<\/strong>, zast\u0119pca dyrektora Krajowego Centrum Przeciwdzia\u0142ania Uzale\u017cnieniom. W swoim wyk\u0142adzie \u201eProfilaktyka zachowa\u0144 ryzykownych jako zadanie administracji rz\u0105dowej i samorz\u0105dowej\u201d wskaza\u0142 na znaczenie wsp\u00f3\u0142pracy instytucji publicznych w budowaniu skutecznych program\u00f3w profilaktycznych.<\/p>\n\n\n\n<p>Z kolei&nbsp;<strong>mgr Agnieszka Taper z Fundacji Bonum Humanum<\/strong>&nbsp;zaprezentowa\u0142a wyst\u0105pienie \u201eHigiena cyfrowa w szkole \u2013 od wyzwa\u0144 do praktycznych delegacji\u201d, w kt\u00f3rym przedstawi\u0142a konkretne rozwi\u0105zania mo\u017cliwe do wdro\u017cenia w plac\u00f3wkach edukacyjnych.<\/p>\n\n\n\n<p>O profesjonalizacji dzia\u0142a\u0144 profilaktycznych m\u00f3wi\u0142&nbsp;<strong>mgr S\u0142awomir Pietrzak<\/strong>, ekspert wojew\u00f3dzki ds. Informacji o Narkotykach i Narkomanii Wojew\u00f3dztwa Dolno\u015bl\u0105skiego oraz wyk\u0142adowca WSKZ. W swoim wyst\u0105pieniu zwr\u00f3ci\u0142 uwag\u0119 na rozw\u00f3j systemu rekomendacji program\u00f3w profilaktycznych oraz potrzeb\u0119 budowania zawodu profilaktyka jako wyspecjalizowanej \u015bcie\u017cki zawodowej.<\/p>\n\n\n\n<h2 class=\"wp-block-heading\"><span class=\"ez-toc-section\" id=\"Warsztaty_i_wymiana_doswiadczen\"><\/span>Warsztaty i wymiana do\u015bwiadcze\u0144<span class=\"ez-toc-section-end\"><\/span><\/h2>\n\n\n\n<p>Istotn\u0105 cz\u0119\u015bci\u0105 konferencji by\u0142y warsztaty, podczas kt\u00f3rych&nbsp;<strong>uczestnicy analizowali konkretne przypadki i wymieniali si\u0119 do\u015bwiadczeniami z pracy z dzie\u0107mi i m\u0142odzie\u017c\u0105.&nbsp;<\/strong>Dyskusje dotyczy\u0142y wyzwa\u0144, z jakimi mierz\u0105 si\u0119 specjali\u015bci w szko\u0142ach, plac\u00f3wkach opieku\u0144czych oraz instytucjach wsparcia. Wydarzenie by\u0142o okazj\u0105 do pog\u0142\u0119bienia wiedzy, wymiany do\u015bwiadcze\u0144 oraz poszukiwania skutecznych rozwi\u0105za\u0144 w obszarze psychoprofilaktyki.<\/p>\n\n\n\n<p>Wy\u017csza Szko\u0142a Kszta\u0142cenia Zawodowego konsekwentnie tworzy przestrze\u0144 do&nbsp;<strong>debaty, wymiany do\u015bwiadcze\u0144 i podnoszenia kompetencji zawodowych.<\/strong>&nbsp;A zainteresowanie, jakie towarzyszy\u0142o tej konferencji, pokazuje jedno: \u015brodowisko potrzebuje takich spotka\u0144, poniewa\u017c to w\u0142a\u015bnie dzi\u0119ki nim mo\u017cliwe jest wsp\u00f3lne poszukiwanie skutecznych sposob\u00f3w reagowania na problemy, z kt\u00f3rymi mierzy si\u0119 dzi\u015b m\u0142ode pokolenie.<\/p>\n","protected":false},"excerpt":{"rendered":"<p>26 lutego 2026 r. we wroc\u0142awskim Q Hotel Plus przy ul. Zaolzia\u0144skiej odby\u0142a si\u0119 konferencja \u201eZachowania ryzykowne dzieci i m\u0142odzie\u017cy.\u00a0Wyzwania dla psychoprofilaktyki\u201d. Wydarzenie zgromadzi\u0142o liczne grono specjalist\u00f3w pracuj\u0105cych z m\u0142odymi lud\u017ami.\u00a0W\u015br\u00f3d go\u015bci znale\u017ali si\u0119 psycholodzy i pedagodzy szkolni, dyrektorzy plac\u00f3wek o\u015bwiatowych i wychowawczych, kuratorzy s\u0105dowi, pracownicy socjalni oraz rodzice pieczy zast\u0119pczej. Spotkanie sta\u0142o si\u0119 przestrzeni\u0105 [&hellip;]<\/p>\n","protected":false},"author":26,"featured_media":17279,"comment_status":"closed","ping_status":"closed","sticky":false,"template":"","format":"standard","meta":{"_lmt_disableupdate":"yes","_lmt_disable":"","footnotes":""},"categories":[8451],"tags":[],"class_list":["post-17232","post","type-post","status-publish","format-standard","has-post-thumbnail","hentry","category-wydarzenia"],"modified_by":"KarinaD","_links":{"self":[{"href":"https:\/\/studia-online.pl\/aktualnosci\/wp-json\/wp\/v2\/posts\/17232","targetHints":{"allow":["GET"]}}],"collection":[{"href":"https:\/\/studia-online.pl\/aktualnosci\/wp-json\/wp\/v2\/posts"}],"about":[{"href":"https:\/\/studia-online.pl\/aktualnosci\/wp-json\/wp\/v2\/types\/post"}],"author":[{"embeddable":true,"href":"https:\/\/studia-online.pl\/aktualnosci\/wp-json\/wp\/v2\/users\/26"}],"replies":[{"embeddable":true,"href":"https:\/\/studia-online.pl\/aktualnosci\/wp-json\/wp\/v2\/comments?post=17232"}],"version-history":[{"count":4,"href":"https:\/\/studia-online.pl\/aktualnosci\/wp-json\/wp\/v2\/posts\/17232\/revisions"}],"predecessor-version":[{"id":17238,"href":"https:\/\/studia-online.pl\/aktualnosci\/wp-json\/wp\/v2\/posts\/17232\/revisions\/17238"}],"wp:featuredmedia":[{"embeddable":true,"href":"https:\/\/studia-online.pl\/aktualnosci\/wp-json\/wp\/v2\/media\/17279"}],"wp:attachment":[{"href":"https:\/\/studia-online.pl\/aktualnosci\/wp-json\/wp\/v2\/media?parent=17232"}],"wp:term":[{"taxonomy":"category","embeddable":true,"href":"https:\/\/studia-online.pl\/aktualnosci\/wp-json\/wp\/v2\/categories?post=17232"},{"taxonomy":"post_tag","embeddable":true,"href":"https:\/\/studia-online.pl\/aktualnosci\/wp-json\/wp\/v2\/tags?post=17232"}],"curies":[{"name":"wp","href":"https:\/\/api.w.org\/{rel}","templated":true}]}}