{"id":17161,"date":"2025-12-08T14:29:20","date_gmt":"2025-12-08T13:29:20","guid":{"rendered":"https:\/\/studia-online.pl\/aktualnosci\/?p=17161"},"modified":"2026-01-06T13:43:47","modified_gmt":"2026-01-06T12:43:47","slug":"ekspercka-konferencja-poszukiwanie-osob-zaginionych-w-oparciu-o-narzedzia-wiedze-i-doswiadczenie-udzial-ekspertow-wskz","status":"publish","type":"post","link":"https:\/\/studia-online.pl\/aktualnosci\/ekspercka-konferencja-poszukiwanie-osob-zaginionych-w-oparciu-o-narzedzia-wiedze-i-doswiadczenie-udzial-ekspertow-wskz\/","title":{"rendered":"Ekspercka konferencja \u201ePoszukiwanie os\u00f3b zaginionych w oparciu o narz\u0119dzia, wiedz\u0119 i do\u015bwiadczenie\u201d \u2013 udzia\u0142 ekspert\u00f3w WSKZ"},"content":{"rendered":"<div id=\"ez-toc-container\" class=\"ez-toc-v2_0_76 counter-hierarchy ez-toc-counter ez-toc-grey ez-toc-container-direction\">\n<div class=\"ez-toc-title-container\">\n<span class=\"ez-toc-title-toggle\"><a href=\"#\" class=\"ez-toc-pull-right ez-toc-btn ez-toc-btn-xs ez-toc-btn-default ez-toc-toggle\" aria-label=\"Toggle Table of Content\"><span class=\"ez-toc-js-icon-con\"><span class=\"\"><span class=\"eztoc-hide\" style=\"display:none;\">Toggle<\/span><span class=\"ez-toc-icon-toggle-span\"><svg style=\"fill: #999;color:#999\" xmlns=\"http:\/\/www.w3.org\/2000\/svg\" class=\"list-377408\" width=\"20px\" height=\"20px\" viewBox=\"0 0 24 24\" fill=\"none\"><path d=\"M6 6H4v2h2V6zm14 0H8v2h12V6zM4 11h2v2H4v-2zm16 0H8v2h12v-2zM4 16h2v2H4v-2zm16 0H8v2h12v-2z\" fill=\"currentColor\"><\/path><\/svg><svg style=\"fill: #999;color:#999\" class=\"arrow-unsorted-368013\" xmlns=\"http:\/\/www.w3.org\/2000\/svg\" width=\"10px\" height=\"10px\" viewBox=\"0 0 24 24\" version=\"1.2\" baseProfile=\"tiny\"><path d=\"M18.2 9.3l-6.2-6.3-6.2 6.3c-.2.2-.3.4-.3.7s.1.5.3.7c.2.2.4.3.7.3h11c.3 0 .5-.1.7-.3.2-.2.3-.5.3-.7s-.1-.5-.3-.7zM5.8 14.7l6.2 6.3 6.2-6.3c.2-.2.3-.5.3-.7s-.1-.5-.3-.7c-.2-.2-.4-.3-.7-.3h-11c-.3 0-.5.1-.7.3-.2.2-.3.5-.3.7s.1.5.3.7z\"\/><\/svg><\/span><\/span><\/span><\/a><\/span><\/div>\n<nav><ul class='ez-toc-list ez-toc-list-level-1 ' ><li class='ez-toc-page-1 ez-toc-heading-level-2'><a class=\"ez-toc-link ez-toc-heading-1\" href=\"https:\/\/studia-online.pl\/aktualnosci\/ekspercka-konferencja-poszukiwanie-osob-zaginionych-w-oparciu-o-narzedzia-wiedze-i-doswiadczenie-udzial-ekspertow-wskz\/#Udzial_przedstawicieli_Wyzszej_Szkoly_Ksztalcenia_Zawodowego\" >Udzia\u0142 przedstawicieli Wy\u017cszej Szko\u0142y Kszta\u0142cenia Zawodowego<\/a><\/li><li class='ez-toc-page-1 ez-toc-heading-level-2'><a class=\"ez-toc-link ez-toc-heading-2\" href=\"https:\/\/studia-online.pl\/aktualnosci\/ekspercka-konferencja-poszukiwanie-osob-zaginionych-w-oparciu-o-narzedzia-wiedze-i-doswiadczenie-udzial-ekspertow-wskz\/#Kluczowe_zagadnienia_konferencji\" >Kluczowe zagadnienia konferencji<\/a><\/li><li class='ez-toc-page-1 ez-toc-heading-level-2'><a class=\"ez-toc-link ez-toc-heading-3\" href=\"https:\/\/studia-online.pl\/aktualnosci\/ekspercka-konferencja-poszukiwanie-osob-zaginionych-w-oparciu-o-narzedzia-wiedze-i-doswiadczenie-udzial-ekspertow-wskz\/#Zaangazowanie_WSKZ_na_rzecz_bezpieczenstwa_publicznego\" >Zaanga\u017cowanie WSKZ na rzecz bezpiecze\u0144stwa publicznego<\/a><\/li><\/ul><\/nav><\/div>\n\n<p>W dniu 2 grudnia 2025 roku w siedzibie Ministerstwa Spraw Wewn\u0119trznych i Administracji odby\u0142a si\u0119 konferencja ekspercka pt. \u201ePoszukiwanie os\u00f3b zaginionych w oparciu o narz\u0119dzia, wiedz\u0119 i do\u015bwiadczenie\u201d.&nbsp;<strong>Wydarzenie po\u015bwi\u0119cone by\u0142o analizie wsp\u00f3\u0142czesnych metod poszukiwawczych i wymianie do\u015bwiadcze\u0144.&nbsp;<\/strong>Om\u00f3wione zosta\u0142y r\u00f3wnie\u017c wyzwania, z jakimi mierz\u0105 si\u0119 instytucje odpowiedzialne za odnajdywanie os\u00f3b zaginionych.<\/p>\n\n\n\n<h2 class=\"wp-block-heading\"><span class=\"ez-toc-section\" id=\"Udzial_przedstawicieli_Wyzszej_Szkoly_Ksztalcenia_Zawodowego\"><\/span>Udzia\u0142 przedstawicieli Wy\u017cszej Szko\u0142y Kszta\u0142cenia Zawodowego<span class=\"ez-toc-section-end\"><\/span><\/h2>\n\n\n\n<p>Organizatorami konferencji by\u0142a Fundacja Itaka \u2013 Centrum Poszukiwa\u0144 Ludzi Zaginionych oraz Centrum Poszukiwa\u0144 Os\u00f3b Zaginionych Komendy G\u0142\u00f3wnej Policji.&nbsp;<strong>Spotkanie zgromadzi\u0142o specjalist\u00f3w z obszaru bezpiecze\u0144stwa, kryminalistyki, psychologii, prawa i zarz\u0105dzania dzia\u0142aniami poszukiwawczymi.&nbsp;<\/strong>Wy\u017csza Szko\u0142a Kszta\u0142cenia Zawodowego we Wroc\u0142awiu by\u0142a reprezentowana przez grono ekspert\u00f3w od lat zaanga\u017cowanych w rozw\u00f3j nauk o bezpiecze\u0144stwie:<\/p>\n\n\n\n<ul class=\"wp-block-list\">\n<li>dr hab. Irena Malinowska, prof. WSKZ \u2013\u00a0<strong>Dziekan Wydzia\u0142u Nauk Spo\u0142ecznych i Technicznych<\/strong>;<\/li>\n\n\n\n<li>nadinsp. w st. spocz. dr Jaros\u0142aw Kaleta \u2013\u00a0<strong>Prodziekan Wydzia\u0142u Nauk Spo\u0142ecznych i Technicznych<\/strong>;<\/li>\n\n\n\n<li>dr Janusz Bryk, prof. WSKZ \u2013\u00a0<strong>Dyrektor Instytutu Kryminologii i Bezpiecze\u0144stwa Wewn\u0119trznego<\/strong>;<\/li>\n\n\n\n<li>insp. w st. spocz., mgr Jaros\u0142aw Tokarczyk \u2013<strong>\u00a0cz\u0142onek Zespo\u0142u Opiniodawczo-Doradczego ds. bezpiecze\u0144stwa<\/strong>.<\/li>\n<\/ul>\n\n\n\n<p>Obecno\u015b\u0107 ekspert\u00f3w WSKZ&nbsp;<strong>podkre\u015bli\u0142a siln\u0105 pozycj\u0119 Uczelni jako o\u015brodka naukowego<\/strong>&nbsp;wsp\u00f3\u0142pracuj\u0105cego z instytucjami odpowiedzialnymi za bezpiecze\u0144stwo publiczne.<\/p>\n\n\n\n<h2 class=\"wp-block-heading\"><span class=\"ez-toc-section\" id=\"Kluczowe_zagadnienia_konferencji\"><\/span>Kluczowe zagadnienia konferencji<span class=\"ez-toc-section-end\"><\/span><\/h2>\n\n\n\n<p>Konferencja sta\u0142a si\u0119 platform\u0105 wymiany wiedzy pomi\u0119dzy \u015brodowiskiem akademickim a praktykami,&nbsp;<strong>wskazuj\u0105c kierunki rozwoju systemowych rozwi\u0105za\u0144 w obszarze bezpiecze\u0144stwa.&nbsp;<\/strong>Podczas wyst\u0105pie\u0144 i paneli dyskusyjnych om\u00f3wiono m.in.:<\/p>\n\n\n\n<ul class=\"wp-block-list\">\n<li><strong>wsp\u00f3\u0142czesne wyzwania<\/strong>\u00a0zwi\u0105zane z poszukiwaniem os\u00f3b zaginionych;<\/li>\n\n\n\n<li><strong>znaczenie interdyscyplinarnej wsp\u00f3\u0142pracy s\u0142u\u017cb<\/strong>, instytucji i organizacji pozarz\u0105dowych;<\/li>\n\n\n\n<li><strong>nowoczesne narz\u0119dzia<\/strong>\u00a0i technologie wspieraj\u0105ce dzia\u0142ania poszukiwawcze;<\/li>\n\n\n\n<li><strong>praktyczne do\u015bwiadczenia s\u0142u\u017cb zaanga\u017cowanych w realne akcje<\/strong>\u00a0odnajdywania os\u00f3b;<\/li>\n\n\n\n<li><strong>rol\u0119 edukacji, bada\u0144 naukowych i analiz eksperckich<\/strong>\u00a0w doskonaleniu procedur poszukiwawczych.<\/li>\n<\/ul>\n\n\n\n<h2 class=\"wp-block-heading\"><span class=\"ez-toc-section\" id=\"Zaangazowanie_WSKZ_na_rzecz_bezpieczenstwa_publicznego\"><\/span>Zaanga\u017cowanie WSKZ na rzecz bezpiecze\u0144stwa publicznego<span class=\"ez-toc-section-end\"><\/span><\/h2>\n\n\n\n<p>Udzia\u0142 przedstawicieli Wy\u017cszej Szko\u0142y Kszta\u0142cenia Zawodowego w wydarzeniu tej rangi potwierdza rosn\u0105c\u0105 rol\u0119 Uczelni&nbsp;<strong>w rozwijaniu nauk o bezpiecze\u0144stwie. To tak\u017ce wyraz wsparcia inicjatyw s\u0142u\u017c\u0105cych ochronie \u017cycia i zdrowia obywateli.<\/strong>&nbsp;Uczelnia konsekwentnie buduje swoj\u0105 obecno\u015b\u0107 w \u015brodowisku eksperckim, anga\u017cuj\u0105c si\u0119 w projekty, konsultacje i wydarzenia integruj\u0105ce teori\u0119 z praktyk\u0105.<\/p>\n","protected":false},"excerpt":{"rendered":"<p>W dniu 2 grudnia 2025 roku w siedzibie Ministerstwa Spraw Wewn\u0119trznych i Administracji odby\u0142a si\u0119 konferencja ekspercka pt. \u201ePoszukiwanie os\u00f3b zaginionych w oparciu o narz\u0119dzia, wiedz\u0119 i do\u015bwiadczenie\u201d.&nbsp;Wydarzenie po\u015bwi\u0119cone by\u0142o analizie wsp\u00f3\u0142czesnych metod poszukiwawczych i wymianie do\u015bwiadcze\u0144.&nbsp;Om\u00f3wione zosta\u0142y r\u00f3wnie\u017c wyzwania, z jakimi mierz\u0105 si\u0119 instytucje odpowiedzialne za odnajdywanie os\u00f3b zaginionych. Udzia\u0142 przedstawicieli Wy\u017cszej Szko\u0142y Kszta\u0142cenia [&hellip;]<\/p>\n","protected":false},"author":26,"featured_media":17258,"comment_status":"closed","ping_status":"closed","sticky":false,"template":"","format":"standard","meta":{"_lmt_disableupdate":"","_lmt_disable":"","footnotes":""},"categories":[8451],"tags":[],"class_list":["post-17161","post","type-post","status-publish","format-standard","has-post-thumbnail","hentry","category-wydarzenia"],"modified_by":"KarinaD","_links":{"self":[{"href":"https:\/\/studia-online.pl\/aktualnosci\/wp-json\/wp\/v2\/posts\/17161","targetHints":{"allow":["GET"]}}],"collection":[{"href":"https:\/\/studia-online.pl\/aktualnosci\/wp-json\/wp\/v2\/posts"}],"about":[{"href":"https:\/\/studia-online.pl\/aktualnosci\/wp-json\/wp\/v2\/types\/post"}],"author":[{"embeddable":true,"href":"https:\/\/studia-online.pl\/aktualnosci\/wp-json\/wp\/v2\/users\/26"}],"replies":[{"embeddable":true,"href":"https:\/\/studia-online.pl\/aktualnosci\/wp-json\/wp\/v2\/comments?post=17161"}],"version-history":[{"count":1,"href":"https:\/\/studia-online.pl\/aktualnosci\/wp-json\/wp\/v2\/posts\/17161\/revisions"}],"predecessor-version":[{"id":17178,"href":"https:\/\/studia-online.pl\/aktualnosci\/wp-json\/wp\/v2\/posts\/17161\/revisions\/17178"}],"wp:featuredmedia":[{"embeddable":true,"href":"https:\/\/studia-online.pl\/aktualnosci\/wp-json\/wp\/v2\/media\/17258"}],"wp:attachment":[{"href":"https:\/\/studia-online.pl\/aktualnosci\/wp-json\/wp\/v2\/media?parent=17161"}],"wp:term":[{"taxonomy":"category","embeddable":true,"href":"https:\/\/studia-online.pl\/aktualnosci\/wp-json\/wp\/v2\/categories?post=17161"},{"taxonomy":"post_tag","embeddable":true,"href":"https:\/\/studia-online.pl\/aktualnosci\/wp-json\/wp\/v2\/tags?post=17161"}],"curies":[{"name":"wp","href":"https:\/\/api.w.org\/{rel}","templated":true}]}}