{"id":16289,"date":"2025-12-03T16:04:26","date_gmt":"2025-12-03T15:04:26","guid":{"rendered":"https:\/\/studia-online.pl\/aktualnosci\/?p=16289"},"modified":"2025-12-03T16:04:28","modified_gmt":"2025-12-03T15:04:28","slug":"podwyzki-dla-nauczycieli-2026-czy-to-bedzie-rekordowy-rok-dla-plac-w-oswiacie","status":"publish","type":"post","link":"https:\/\/studia-online.pl\/aktualnosci\/podwyzki-dla-nauczycieli-2026-czy-to-bedzie-rekordowy-rok-dla-plac-w-oswiacie\/","title":{"rendered":"Podwy\u017cki dla nauczycieli 2026. Czy to b\u0119dzie rekordowy rok dla p\u0142ac w o\u015bwiacie?"},"content":{"rendered":"<div id=\"ez-toc-container\" class=\"ez-toc-v2_0_76 counter-hierarchy ez-toc-counter ez-toc-grey ez-toc-container-direction\">\n<div class=\"ez-toc-title-container\">\n<span class=\"ez-toc-title-toggle\"><a href=\"#\" class=\"ez-toc-pull-right ez-toc-btn ez-toc-btn-xs ez-toc-btn-default ez-toc-toggle\" aria-label=\"Toggle Table of Content\"><span class=\"ez-toc-js-icon-con\"><span class=\"\"><span class=\"eztoc-hide\" style=\"display:none;\">Toggle<\/span><span class=\"ez-toc-icon-toggle-span\"><svg style=\"fill: #999;color:#999\" xmlns=\"http:\/\/www.w3.org\/2000\/svg\" class=\"list-377408\" width=\"20px\" height=\"20px\" viewBox=\"0 0 24 24\" fill=\"none\"><path d=\"M6 6H4v2h2V6zm14 0H8v2h12V6zM4 11h2v2H4v-2zm16 0H8v2h12v-2zM4 16h2v2H4v-2zm16 0H8v2h12v-2z\" fill=\"currentColor\"><\/path><\/svg><svg style=\"fill: #999;color:#999\" class=\"arrow-unsorted-368013\" xmlns=\"http:\/\/www.w3.org\/2000\/svg\" width=\"10px\" height=\"10px\" viewBox=\"0 0 24 24\" version=\"1.2\" baseProfile=\"tiny\"><path d=\"M18.2 9.3l-6.2-6.3-6.2 6.3c-.2.2-.3.4-.3.7s.1.5.3.7c.2.2.4.3.7.3h11c.3 0 .5-.1.7-.3.2-.2.3-.5.3-.7s-.1-.5-.3-.7zM5.8 14.7l6.2 6.3 6.2-6.3c.2-.2.3-.5.3-.7s-.1-.5-.3-.7c-.2-.2-.4-.3-.7-.3h-11c-.3 0-.5.1-.7.3-.2.2-.3.5-.3.7s.1.5.3.7z\"\/><\/svg><\/span><\/span><\/span><\/a><\/span><\/div>\n<nav><ul class='ez-toc-list ez-toc-list-level-1 ' ><li class='ez-toc-page-1 ez-toc-heading-level-2'><a class=\"ez-toc-link ez-toc-heading-1\" href=\"https:\/\/studia-online.pl\/aktualnosci\/podwyzki-dla-nauczycieli-2026-czy-to-bedzie-rekordowy-rok-dla-plac-w-oswiacie\/#Jakie_podwyzki_dla_nauczycieli_planowane_sa_na_2026_rok\" >Jakie podwy\u017cki dla nauczycieli planowane s\u0105 na 2026 rok?<\/a><\/li><li class='ez-toc-page-1 ez-toc-heading-level-2'><a class=\"ez-toc-link ez-toc-heading-2\" href=\"https:\/\/studia-online.pl\/aktualnosci\/podwyzki-dla-nauczycieli-2026-czy-to-bedzie-rekordowy-rok-dla-plac-w-oswiacie\/#Od_kiedy_podwyzki_dla_nauczycieli_i_kogo_one_obejma\" >Od kiedy podwy\u017cki dla nauczycieli i kogo one obejm\u0105?<\/a><\/li><li class='ez-toc-page-1 ez-toc-heading-level-2'><a class=\"ez-toc-link ez-toc-heading-3\" href=\"https:\/\/studia-online.pl\/aktualnosci\/podwyzki-dla-nauczycieli-2026-czy-to-bedzie-rekordowy-rok-dla-plac-w-oswiacie\/#%E2%80%9EGigantyczne%E2%80%9D_podwyzki_dla_nauczycieli_%E2%80%93_czy_to_prawda\" >\u201eGigantyczne\u201d podwy\u017cki dla nauczycieli \u2013 czy to prawda?<\/a><\/li><li class='ez-toc-page-1 ez-toc-heading-level-2'><a class=\"ez-toc-link ez-toc-heading-4\" href=\"https:\/\/studia-online.pl\/aktualnosci\/podwyzki-dla-nauczycieli-2026-czy-to-bedzie-rekordowy-rok-dla-plac-w-oswiacie\/#FAQ\" >FAQ<\/a><ul class='ez-toc-list-level-3' ><li class='ez-toc-heading-level-3'><a class=\"ez-toc-link ez-toc-heading-5\" href=\"https:\/\/studia-online.pl\/aktualnosci\/podwyzki-dla-nauczycieli-2026-czy-to-bedzie-rekordowy-rok-dla-plac-w-oswiacie\/#Kiedy_podwyzki_dla_nauczycieli_wejda_w_zycie\" >Kiedy podwy\u017cki dla nauczycieli wejd\u0105 w \u017cycie?<\/a><\/li><li class='ez-toc-page-1 ez-toc-heading-level-3'><a class=\"ez-toc-link ez-toc-heading-6\" href=\"https:\/\/studia-online.pl\/aktualnosci\/podwyzki-dla-nauczycieli-2026-czy-to-bedzie-rekordowy-rok-dla-plac-w-oswiacie\/#Ile_wyniesie_podwyzka_dla_nauczycieli_dyplomowanych_w_2026_roku\" >Ile wyniesie podwy\u017cka dla nauczycieli dyplomowanych w 2026 roku?<\/a><\/li><li class='ez-toc-page-1 ez-toc-heading-level-3'><a class=\"ez-toc-link ez-toc-heading-7\" href=\"https:\/\/studia-online.pl\/aktualnosci\/podwyzki-dla-nauczycieli-2026-czy-to-bedzie-rekordowy-rok-dla-plac-w-oswiacie\/#Czy_podwyzki_obejma_nauczycieli_przedszkoli\" >Czy podwy\u017cki obejm\u0105 nauczycieli przedszkoli?<\/a><\/li><li class='ez-toc-page-1 ez-toc-heading-level-3'><a class=\"ez-toc-link ez-toc-heading-8\" href=\"https:\/\/studia-online.pl\/aktualnosci\/podwyzki-dla-nauczycieli-2026-czy-to-bedzie-rekordowy-rok-dla-plac-w-oswiacie\/#%E2%80%9EGigantyczne%E2%80%9D_podwyzki_dla_nauczycieli_czy_faktycznie_takie_beda\" >\u201eGigantyczne\u201d podwy\u017cki dla nauczycieli czy faktycznie takie b\u0119d\u0105?<\/a><\/li><\/ul><\/li><\/ul><\/nav><\/div>\n\n<p>Rz\u0105d przedstawi\u0142 projekty ustawy bud\u017cetowej i oko\u0142obud\u017cetowej na 2026 rok. <strong>Wynagrodzenia nauczycieli maj\u0105 wzrosn\u0105\u0107 o 3%<\/strong>. Wed\u0142ug portalu Operon minimalna stawka dla nauczyciela dyplomowanego po raz pierwszy przekroczy 6 tys. z\u0142 brutto. Sprawd\u017a, jakie kwoty przewidziano i jak dodatkowe kompetencje mog\u0105 wp\u0142yn\u0105\u0107 na wy\u017csze zarobki.<\/p>\n\n\n\n<h2 class=\"wp-block-heading\"><span class=\"ez-toc-section\" id=\"Jakie_podwyzki_dla_nauczycieli_planowane_sa_na_2026_rok\"><\/span>Jakie podwy\u017cki dla nauczycieli planowane s\u0105 na 2026 rok?<span class=\"ez-toc-section-end\"><\/span><\/h2>\n\n\n\n<p>Od pocz\u0105tku 2026 roku planowane jest podniesienie wynagrodze\u0144 nauczycieli o oko\u0142o <strong>3%<\/strong>. Kwota bazowa ma wzrosn\u0105\u0107 do <strong>5 597,86 z\u0142 brutto<\/strong>, czyli o <strong>163,04 z\u0142<\/strong>. W oparciu o te warto\u015bci minimalne stawki wynagrodzenia zasadniczego w 2026 roku b\u0119d\u0105 wygl\u0105da\u0107 nast\u0119puj\u0105co:<\/p>\n\n\n\n<ul class=\"wp-block-list\">\n<li><strong>nauczyciel pocz\u0105tkuj\u0105cy \u2013 5 308 z\u0142 brutto<\/strong> (wzrost o ok. 155 z\u0142);<\/li>\n\n\n\n<li><strong>nauczyciel mianowany \u2013 5 469 z\u0142 brutto<\/strong> (wzrost o ok. 159 z\u0142);<\/li>\n\n\n\n<li><strong>nauczyciel dyplomowany \u2013 6 397 z\u0142 brutto<\/strong> (wzrost o ok. 186 z\u0142).<\/li>\n<\/ul>\n\n\n\n<figure class=\"wp-block-image size-large\"><img loading=\"lazy\" decoding=\"async\" width=\"1024\" height=\"683\" src=\"https:\/\/studia-online.pl\/aktualnosci\/wp-content\/uploads\/2025\/12\/od-kiedy-podwyzki-dla-nauczycieli-1024x683.jpg\" alt=\"od kiedy podwy\u017cki dla nauczycieli\" class=\"wp-image-16290\" srcset=\"https:\/\/studia-online.pl\/aktualnosci\/wp-content\/uploads\/2025\/12\/od-kiedy-podwyzki-dla-nauczycieli-1024x683.jpg 1024w, https:\/\/studia-online.pl\/aktualnosci\/wp-content\/uploads\/2025\/12\/od-kiedy-podwyzki-dla-nauczycieli-300x200.jpg 300w, https:\/\/studia-online.pl\/aktualnosci\/wp-content\/uploads\/2025\/12\/od-kiedy-podwyzki-dla-nauczycieli-768x512.jpg 768w, https:\/\/studia-online.pl\/aktualnosci\/wp-content\/uploads\/2025\/12\/od-kiedy-podwyzki-dla-nauczycieli-1536x1024.jpg 1536w, https:\/\/studia-online.pl\/aktualnosci\/wp-content\/uploads\/2025\/12\/od-kiedy-podwyzki-dla-nauczycieli-2048x1365.jpg 2048w, https:\/\/studia-online.pl\/aktualnosci\/wp-content\/uploads\/2025\/12\/od-kiedy-podwyzki-dla-nauczycieli-696x464.jpg 696w, https:\/\/studia-online.pl\/aktualnosci\/wp-content\/uploads\/2025\/12\/od-kiedy-podwyzki-dla-nauczycieli-1068x712.jpg 1068w, https:\/\/studia-online.pl\/aktualnosci\/wp-content\/uploads\/2025\/12\/od-kiedy-podwyzki-dla-nauczycieli-630x420.jpg 630w\" sizes=\"auto, (max-width: 1024px) 100vw, 1024px\" \/><\/figure>\n\n\n\n<p>My\u015blisz o karierze w edukacji i chcesz <strong>zwi\u0119kszy\u0107 swoje szanse na wy\u017csze wynagrodzenie?<\/strong> Zapisz si\u0119 na studia podyplomowe z obszaru pedagogiki: <a href=\"https:\/\/studia-online.pl\/oferta\/1\/pedagogika\">https:\/\/studia-online.pl\/oferta\/1\/pedagogika<\/a> lub studia licencjackie: <a href=\"https:\/\/studia-online.pl\/studia\/licencjackie\/pedagogika\/4869001\">https:\/\/studia-online.pl\/studia\/licencjackie\/pedagogika\/4869001<\/a> na naszej Uczelni. Zdob\u0105d\u017a wiedz\u0119 i umiej\u0119tno\u015bci do pracy z dzie\u0107mi i m\u0142odzie\u017c\u0105, kt\u00f3re wykorzystasz od pierwszych zaj\u0119\u0107.<\/p>\n\n\n\n<h2 class=\"wp-block-heading\"><span class=\"ez-toc-section\" id=\"Od_kiedy_podwyzki_dla_nauczycieli_i_kogo_one_obejma\"><\/span>Od kiedy podwy\u017cki dla nauczycieli i kogo one obejm\u0105?<span class=\"ez-toc-section-end\"><\/span><\/h2>\n\n\n\n<p>Z projektu ustawy bud\u017cetowej i zapowiedzi MEN wynika, \u017ce <strong>od 1 stycznia 2026 roku nauczyciele mog\u0105 liczy\u0107 na podwy\u017cki<\/strong>. Wzrost obejmie r\u00f3\u017cne typy plac\u00f3wek, w tym:<\/p>\n\n\n\n<ul class=\"wp-block-list\">\n<li>szko\u0142y podstawowe;<\/li>\n\n\n\n<li>szko\u0142y ponadpodstawowe;<\/li>\n\n\n\n<li>przedszkola.<\/li>\n<\/ul>\n\n\n\n<figure class=\"wp-block-image size-full is-resized\"><a href=\"https:\/\/studia-online.pl\/studia\/licencjackie\/pedagogika\/4869001\"><img loading=\"lazy\" decoding=\"async\" width=\"693\" height=\"200\" src=\"https:\/\/studia-online.pl\/aktualnosci\/wp-content\/uploads\/2025\/10\/baner-studia-lic.jpg\" alt=\"nauczyciel podwy\u017cka\" class=\"wp-image-15843\" style=\"width:840px;height:auto\" srcset=\"https:\/\/studia-online.pl\/aktualnosci\/wp-content\/uploads\/2025\/10\/baner-studia-lic.jpg 693w, https:\/\/studia-online.pl\/aktualnosci\/wp-content\/uploads\/2025\/10\/baner-studia-lic-300x87.jpg 300w\" sizes=\"auto, (max-width: 693px) 100vw, 693px\" \/><\/a><\/figure>\n\n\n\n<h2 class=\"wp-block-heading\"><span class=\"ez-toc-section\" id=\"%E2%80%9EGigantyczne%E2%80%9D_podwyzki_dla_nauczycieli_%E2%80%93_czy_to_prawda\"><\/span>\u201eGigantyczne\u201d podwy\u017cki dla nauczycieli \u2013 czy to prawda?<span class=\"ez-toc-section-end\"><\/span><\/h2>\n\n\n\n<p>W mediach pojawia si\u0119 has\u0142o \u201egigantyczne podwy\u017cki\u201d dla nauczycieli, jednak rzeczywisto\u015b\u0107 wygl\u0105da nieco inaczej. <strong>Waloryzacja na poziomie 3% to jedynie kilkaset z\u0142otych brutto wi\u0119cej do kwoty bazowej. Sprawd\u017amy, co w takim razie wp\u0142ywa na <\/strong>poziom wynagrodzenia, a b\u0119d\u0105 to:<\/p>\n\n\n\n<ul class=\"wp-block-list\">\n<li>dodatki za wychowawstwo, specjalizacje i stopnie awansu;<\/li>\n\n\n\n<li>zmiany w Karcie Nauczyciela;<\/li>\n\n\n\n<li>kompetencje zdobywane poprzez studia zar\u00f3wno podyplomowe, jak i licencjackie.<\/li>\n<\/ul>\n\n\n\n<p>Te czynniki maj\u0105 znaczenie nie tylko teraz \u2013 w d\u0142u\u017cszej perspektywie<strong> wp\u0142ywaj\u0105 tak\u017ce na wysoko\u015b\u0107 \u015bwiadcze\u0144 po zako\u0144czeniu aktywno\u015bci zawodowej. <\/strong>Dlatego nie odk\u0142adaj rozwoju na p\u00f3\u017aniej \u2013 nowe umiej\u0119tno\u015bci mog\u0105 prze\u0142o\u017cy\u0107 si\u0119 na lepsze zarobki szybciej, ni\u017c my\u015blisz!<\/p>\n\n\n\n<p>Wejd\u017a na naszego bloga i dowiedz si\u0119, <a href=\"https:\/\/studia-online.pl\/aktualnosci\/ile-wynosi-emerytura-nauczycielska\/\">ile wynosi emerytura nauczycielska.<\/a><\/p>\n\n\n\n<figure class=\"wp-block-image size-full is-resized\"><a href=\"https:\/\/studia-online.pl\/oferta\/1\/pedagogika\"><img loading=\"lazy\" decoding=\"async\" width=\"693\" height=\"201\" src=\"https:\/\/studia-online.pl\/aktualnosci\/wp-content\/uploads\/2025\/10\/baner-studia-dyplomowe.jpg\" alt=\"podwy\u017cka dla nauczycieli\" class=\"wp-image-15844\" style=\"width:840px;height:auto\" srcset=\"https:\/\/studia-online.pl\/aktualnosci\/wp-content\/uploads\/2025\/10\/baner-studia-dyplomowe.jpg 693w, https:\/\/studia-online.pl\/aktualnosci\/wp-content\/uploads\/2025\/10\/baner-studia-dyplomowe-300x87.jpg 300w\" sizes=\"auto, (max-width: 693px) 100vw, 693px\" \/><\/a><\/figure>\n\n\n\n<h2 class=\"wp-block-heading\"><span class=\"ez-toc-section\" id=\"FAQ\"><\/span>FAQ<span class=\"ez-toc-section-end\"><\/span><\/h2>\n\n\n\n<h3 class=\"wp-block-heading\"><span class=\"ez-toc-section\" id=\"Kiedy_podwyzki_dla_nauczycieli_wejda_w_zycie\"><\/span>Kiedy podwy\u017cki dla nauczycieli wejd\u0105 w \u017cycie?<span class=\"ez-toc-section-end\"><\/span><\/h3>\n\n\n\n<p>Zmiany planowane s\u0105 od stycznia 2026 roku i obejm\u0105 wszystkich nauczycieli.<\/p>\n\n\n\n<h3 class=\"wp-block-heading\"><span class=\"ez-toc-section\" id=\"Ile_wyniesie_podwyzka_dla_nauczycieli_dyplomowanych_w_2026_roku\"><\/span>Ile wyniesie podwy\u017cka dla nauczycieli dyplomowanych w 2026 roku?<span class=\"ez-toc-section-end\"><\/span><\/h3>\n\n\n\n<p>Prognozowana podwy\u017cka dla nauczycieli dyplomowanych to oko\u0142o 186 z\u0142 brutto miesi\u0119cznie, z r\u00f3\u017cnicami zale\u017cnymi od stopnia awansu zawodowego.<\/p>\n\n\n\n<h3 class=\"wp-block-heading\"><span class=\"ez-toc-section\" id=\"Czy_podwyzki_obejma_nauczycieli_przedszkoli\"><\/span>Czy podwy\u017cki obejm\u0105 nauczycieli przedszkoli?<span class=\"ez-toc-section-end\"><\/span><\/h3>\n\n\n\n<p>Tak. Planowane podwy\u017cki dotycz\u0105 wszystkich grup zawodowych w edukacji, w tym nauczycieli przedszkoli, szk\u00f3\u0142 podstawowych i ponadpodstawowych.<\/p>\n\n\n\n<h3 class=\"wp-block-heading\"><span class=\"ez-toc-section\" id=\"%E2%80%9EGigantyczne%E2%80%9D_podwyzki_dla_nauczycieli_czy_faktycznie_takie_beda\"><\/span>\u201eGigantyczne\u201d podwy\u017cki dla nauczycieli czy faktycznie takie b\u0119d\u0105?<span class=\"ez-toc-section-end\"><\/span><\/h3>\n\n\n\n<p>Zgodnie z projektem ustawy bud\u017cetowej oraz zapowiedziami MEN podwy\u017cki maj\u0105 wynie\u015b\u0107 oko\u0142o 3%, co oznacza wzrost wynagrodzenia zasadniczego rz\u0119du kilkuset z\u0142otych brutto.<\/p>\n","protected":false},"excerpt":{"rendered":"<p>Rz\u0105d przedstawi\u0142 projekty ustawy bud\u017cetowej i oko\u0142obud\u017cetowej na 2026 rok. Wynagrodzenia nauczycieli maj\u0105 wzrosn\u0105\u0107 o 3%. Wed\u0142ug portalu Operon minimalna stawka dla nauczyciela dyplomowanego po raz pierwszy przekroczy 6 tys. z\u0142 brutto. Sprawd\u017a, jakie kwoty przewidziano i jak dodatkowe kompetencje mog\u0105 wp\u0142yn\u0105\u0107 na wy\u017csze zarobki. Jakie podwy\u017cki dla nauczycieli planowane s\u0105 na 2026 rok? Od [&hellip;]<\/p>\n","protected":false},"author":20,"featured_media":16291,"comment_status":"closed","ping_status":"closed","sticky":false,"template":"","format":"standard","meta":{"_lmt_disableupdate":"","_lmt_disable":"","footnotes":""},"categories":[8002],"tags":[],"class_list":["post-16289","post","type-post","status-publish","format-standard","has-post-thumbnail","hentry","category-zmiany-w-oswiacie"],"modified_by":"Karolina Grad","_links":{"self":[{"href":"https:\/\/studia-online.pl\/aktualnosci\/wp-json\/wp\/v2\/posts\/16289","targetHints":{"allow":["GET"]}}],"collection":[{"href":"https:\/\/studia-online.pl\/aktualnosci\/wp-json\/wp\/v2\/posts"}],"about":[{"href":"https:\/\/studia-online.pl\/aktualnosci\/wp-json\/wp\/v2\/types\/post"}],"author":[{"embeddable":true,"href":"https:\/\/studia-online.pl\/aktualnosci\/wp-json\/wp\/v2\/users\/20"}],"replies":[{"embeddable":true,"href":"https:\/\/studia-online.pl\/aktualnosci\/wp-json\/wp\/v2\/comments?post=16289"}],"version-history":[{"count":1,"href":"https:\/\/studia-online.pl\/aktualnosci\/wp-json\/wp\/v2\/posts\/16289\/revisions"}],"predecessor-version":[{"id":16292,"href":"https:\/\/studia-online.pl\/aktualnosci\/wp-json\/wp\/v2\/posts\/16289\/revisions\/16292"}],"wp:featuredmedia":[{"embeddable":true,"href":"https:\/\/studia-online.pl\/aktualnosci\/wp-json\/wp\/v2\/media\/16291"}],"wp:attachment":[{"href":"https:\/\/studia-online.pl\/aktualnosci\/wp-json\/wp\/v2\/media?parent=16289"}],"wp:term":[{"taxonomy":"category","embeddable":true,"href":"https:\/\/studia-online.pl\/aktualnosci\/wp-json\/wp\/v2\/categories?post=16289"},{"taxonomy":"post_tag","embeddable":true,"href":"https:\/\/studia-online.pl\/aktualnosci\/wp-json\/wp\/v2\/tags?post=16289"}],"curies":[{"name":"wp","href":"https:\/\/api.w.org\/{rel}","templated":true}]}}