{"id":15957,"date":"2025-10-23T09:55:24","date_gmt":"2025-10-23T07:55:24","guid":{"rendered":"https:\/\/studia-online.pl\/aktualnosci\/?p=15957"},"modified":"2025-10-24T16:39:10","modified_gmt":"2025-10-24T14:39:10","slug":"czy-mozemy-juz-mowic-o-kryzysie-mezczyzn-dr-michal-stefanczyk-w-podcascie-to-sie-w-glowie-nie-miesci","status":"publish","type":"post","link":"https:\/\/studia-online.pl\/aktualnosci\/czy-mozemy-juz-mowic-o-kryzysie-mezczyzn-dr-michal-stefanczyk-w-podcascie-to-sie-w-glowie-nie-miesci\/","title":{"rendered":"Czy mo\u017cemy ju\u017c m\u00f3wi\u0107 o kryzysie m\u0119\u017cczyzn? Dr Micha\u0142 Stefa\u0144czyk w podca\u015bcie \u201eTo si\u0119 w g\u0142owie nie mie\u015bci\u201d"},"content":{"rendered":"<div id=\"ez-toc-container\" class=\"ez-toc-v2_0_76 counter-hierarchy ez-toc-counter ez-toc-grey ez-toc-container-direction\">\n<div class=\"ez-toc-title-container\">\n<span class=\"ez-toc-title-toggle\"><a href=\"#\" class=\"ez-toc-pull-right ez-toc-btn ez-toc-btn-xs ez-toc-btn-default ez-toc-toggle\" aria-label=\"Toggle Table of Content\"><span class=\"ez-toc-js-icon-con\"><span class=\"\"><span class=\"eztoc-hide\" style=\"display:none;\">Toggle<\/span><span class=\"ez-toc-icon-toggle-span\"><svg style=\"fill: #999;color:#999\" xmlns=\"http:\/\/www.w3.org\/2000\/svg\" class=\"list-377408\" width=\"20px\" height=\"20px\" viewBox=\"0 0 24 24\" fill=\"none\"><path d=\"M6 6H4v2h2V6zm14 0H8v2h12V6zM4 11h2v2H4v-2zm16 0H8v2h12v-2zM4 16h2v2H4v-2zm16 0H8v2h12v-2z\" fill=\"currentColor\"><\/path><\/svg><svg style=\"fill: #999;color:#999\" class=\"arrow-unsorted-368013\" xmlns=\"http:\/\/www.w3.org\/2000\/svg\" width=\"10px\" height=\"10px\" viewBox=\"0 0 24 24\" version=\"1.2\" baseProfile=\"tiny\"><path d=\"M18.2 9.3l-6.2-6.3-6.2 6.3c-.2.2-.3.4-.3.7s.1.5.3.7c.2.2.4.3.7.3h11c.3 0 .5-.1.7-.3.2-.2.3-.5.3-.7s-.1-.5-.3-.7zM5.8 14.7l6.2 6.3 6.2-6.3c.2-.2.3-.5.3-.7s-.1-.5-.3-.7c-.2-.2-.4-.3-.7-.3h-11c-.3 0-.5.1-.7.3-.2.2-.3.5-.3.7s.1.5.3.7z\"\/><\/svg><\/span><\/span><\/span><\/a><\/span><\/div>\n<nav><ul class='ez-toc-list ez-toc-list-level-1 ' ><li class='ez-toc-page-1 ez-toc-heading-level-2'><a class=\"ez-toc-link ez-toc-heading-1\" href=\"https:\/\/studia-online.pl\/aktualnosci\/czy-mozemy-juz-mowic-o-kryzysie-mezczyzn-dr-michal-stefanczyk-w-podcascie-to-sie-w-glowie-nie-miesci\/#Kryzys_meskosci_%E2%80%93_co_oznacza_to_pojecie\" >Kryzys m\u0119sko\u015bci \u2013 co oznacza to poj\u0119cie?<\/a><\/li><li class='ez-toc-page-1 ez-toc-heading-level-2'><a class=\"ez-toc-link ez-toc-heading-2\" href=\"https:\/\/studia-online.pl\/aktualnosci\/czy-mozemy-juz-mowic-o-kryzysie-mezczyzn-dr-michal-stefanczyk-w-podcascie-to-sie-w-glowie-nie-miesci\/#Kim_jest_dr_Michal_Stefanczyk_Psycholog_naukowiec_i_wykladowca_gosciem_naszego_podcastu\" >Kim jest dr Micha\u0142 Stefa\u0144czyk? Psycholog, naukowiec i wyk\u0142adowca go\u015bciem naszego podcastu<\/a><ul class='ez-toc-list-level-3' ><li class='ez-toc-heading-level-3'><a class=\"ez-toc-link ez-toc-heading-3\" href=\"https:\/\/studia-online.pl\/aktualnosci\/czy-mozemy-juz-mowic-o-kryzysie-mezczyzn-dr-michal-stefanczyk-w-podcascie-to-sie-w-glowie-nie-miesci\/#Trener_i_popularyzator_psychologii_w_praktyce\" >Trener i popularyzator psychologii w praktyce<\/a><\/li><\/ul><\/li><li class='ez-toc-page-1 ez-toc-heading-level-2'><a class=\"ez-toc-link ez-toc-heading-4\" href=\"https:\/\/studia-online.pl\/aktualnosci\/czy-mozemy-juz-mowic-o-kryzysie-mezczyzn-dr-michal-stefanczyk-w-podcascie-to-sie-w-glowie-nie-miesci\/#Jakie_tematy_porusza_kolejny_odcinek_podcastu_%E2%80%9ETo_sie_w_glowie_nie_miesci%E2%80%9D\" >Jakie tematy porusza kolejny odcinek podcastu \u201eTo si\u0119 w g\u0142owie nie mie\u015bci\u201d?<\/a><\/li><li class='ez-toc-page-1 ez-toc-heading-level-2'><a class=\"ez-toc-link ez-toc-heading-5\" href=\"https:\/\/studia-online.pl\/aktualnosci\/czy-mozemy-juz-mowic-o-kryzysie-mezczyzn-dr-michal-stefanczyk-w-podcascie-to-sie-w-glowie-nie-miesci\/#Psychologia_kryzysu_i_interwencji_kryzysowej_%E2%80%93_studia_dla_tych_ktorzy_chca_pomagac\" >Psychologia kryzysu i interwencji kryzysowej \u2013 studia dla tych, kt\u00f3rzy chc\u0105 pomaga\u0107<\/a><\/li><li class='ez-toc-page-1 ez-toc-heading-level-2'><a class=\"ez-toc-link ez-toc-heading-6\" href=\"https:\/\/studia-online.pl\/aktualnosci\/czy-mozemy-juz-mowic-o-kryzysie-mezczyzn-dr-michal-stefanczyk-w-podcascie-to-sie-w-glowie-nie-miesci\/#FAQ\" >FAQ<\/a><ul class='ez-toc-list-level-3' ><li class='ez-toc-heading-level-3'><a class=\"ez-toc-link ez-toc-heading-7\" href=\"https:\/\/studia-online.pl\/aktualnosci\/czy-mozemy-juz-mowic-o-kryzysie-mezczyzn-dr-michal-stefanczyk-w-podcascie-to-sie-w-glowie-nie-miesci\/#Co_to_jest_kryzys_meskosci\" >Co to jest kryzys m\u0119sko\u015bci?<\/a><\/li><li class='ez-toc-page-1 ez-toc-heading-level-3'><a class=\"ez-toc-link ez-toc-heading-8\" href=\"https:\/\/studia-online.pl\/aktualnosci\/czy-mozemy-juz-mowic-o-kryzysie-mezczyzn-dr-michal-stefanczyk-w-podcascie-to-sie-w-glowie-nie-miesci\/#Czy_kryzys_meskosci_to_nowe_zjawisko\" >Czy kryzys m\u0119sko\u015bci to nowe zjawisko?<\/a><\/li><li class='ez-toc-page-1 ez-toc-heading-level-3'><a class=\"ez-toc-link ez-toc-heading-9\" href=\"https:\/\/studia-online.pl\/aktualnosci\/czy-mozemy-juz-mowic-o-kryzysie-mezczyzn-dr-michal-stefanczyk-w-podcascie-to-sie-w-glowie-nie-miesci\/#Kim_jest_dr_Michal_Stefanczyk\" >Kim jest dr Micha\u0142 Stefa\u0144czyk?<\/a><\/li><li class='ez-toc-page-1 ez-toc-heading-level-3'><a class=\"ez-toc-link ez-toc-heading-10\" href=\"https:\/\/studia-online.pl\/aktualnosci\/czy-mozemy-juz-mowic-o-kryzysie-mezczyzn-dr-michal-stefanczyk-w-podcascie-to-sie-w-glowie-nie-miesci\/#Czego_mozna_dowiedziec_sie_z_podcastu_%E2%80%9ETo_sie_w_glowie_nie_miesci%E2%80%9D\" >Czego mo\u017cna dowiedzie\u0107 si\u0119 z podcastu \u201eTo si\u0119 w g\u0142owie nie mie\u015bci\u201d?<\/a><\/li><\/ul><\/li><\/ul><\/nav><\/div>\n\n<p><strong>Czy wsp\u00f3\u0142czesny m\u0119\u017cczyzna naprawd\u0119 prze\u017cywa kryzys, czy to tylko medialny slogan?<\/strong> Coraz cz\u0119\u015bciej m\u00f3wi si\u0119 o zagubieniu m\u0119\u017cczyzn we wsp\u00f3\u0142czesnym \u015bwiecie \u2013 mi\u0119dzy tradycyjnymi wzorcami a nowymi oczekiwaniami spo\u0142ecznymi. Zjawisko to nie jest jedynie publicystycznym has\u0142em, lecz przedmiotem powa\u017cnych bada\u0144 psychologicznych, kt\u00f3re pokazuj\u0105, jak zmienia si\u0119 rola m\u0119\u017cczyzny w XXI wieku. Szerzej opowiada o tym w podca\u015bcie <strong>\u201eTo si\u0119 w g\u0142owie nie mie\u015bci\u201d<\/strong> <strong>dr Micha\u0142 Stefa\u0144czyk<\/strong>, psycholog ewolucyjny i spo\u0142eczny.<\/p>\n\n\n\n<h2 class=\"wp-block-heading\"><span class=\"ez-toc-section\" id=\"Kryzys_meskosci_%E2%80%93_co_oznacza_to_pojecie\"><\/span>Kryzys m\u0119sko\u015bci \u2013 co oznacza to poj\u0119cie?<span class=\"ez-toc-section-end\"><\/span><\/h2>\n\n\n\n<p>Kryzys m\u0119sko\u015bci to z\u0142o\u017cone zjawisko, kt\u00f3re pokazuje, <strong>jak dynamicznie zmienia si\u0119 pozycja m\u0119\u017cczyzn we wsp\u00f3\u0142czesnym \u015bwiecie<\/strong>. Tradycyjne wzorce przestaj\u0105 by\u0107 oczywiste, a nowe role spo\u0142eczne wci\u0105\u017c si\u0119 kszta\u0142tuj\u0105. M\u0119\u017cczy\u017ani coraz cz\u0119\u015bciej staj\u0105 przed wyzwaniami, kt\u00f3re wymagaj\u0105 elastyczno\u015bci i redefinicji tego, co znaczy \u201eby\u0107 m\u0119\u017cczyzn\u0105\u201d dzi\u015b.<\/p>\n\n\n\n<figure class=\"wp-block-image size-full is-resized\"><a href=\"https:\/\/studia-online.pl\/studia\/podyplomowe\/psychologia-kryzysu-i-interwencji-kryzysowej\/4867249\"><img loading=\"lazy\" decoding=\"async\" width=\"693\" height=\"200\" src=\"https:\/\/studia-online.pl\/aktualnosci\/wp-content\/uploads\/2025\/10\/baner-psychologia2.jpg\" alt=\"studia z psychologii\" class=\"wp-image-15840\" style=\"width:829px;height:auto\" srcset=\"https:\/\/studia-online.pl\/aktualnosci\/wp-content\/uploads\/2025\/10\/baner-psychologia2.jpg 693w, https:\/\/studia-online.pl\/aktualnosci\/wp-content\/uploads\/2025\/10\/baner-psychologia2-300x87.jpg 300w\" sizes=\"auto, (max-width: 693px) 100vw, 693px\" \/><\/a><\/figure>\n\n\n\n<p>Zjawisko to obejmuje m.in.:<\/p>\n\n\n\n<ul class=\"wp-block-list\">\n<li><strong>zmieniaj\u0105ce si\u0119 role spo\u0142eczne<\/strong> \u2013 odchodzenie od tradycyjnych podzia\u0142\u00f3w obowi\u0105zk\u00f3w i r\u00f3l w rodzinie;<\/li>\n\n\n\n<li><strong>rosn\u0105ce oczekiwania wobec m\u0119\u017cczyzn<\/strong> \u2013 zar\u00f3wno w pracy, jak i w relacjach czy rodzicielstwie;<\/li>\n\n\n\n<li><strong>wzrost problem\u00f3w psychologicznych<\/strong> \u2013 samotno\u015b\u0107, depresja, kryzysy to\u017csamo\u015bci, trudno\u015bci w komunikacji emocji.<\/li>\n<\/ul>\n\n\n\n<p>Z raportu \u201eZrozumie\u0107 m\u0119sko\u015b\u0107. Rzeczywisto\u015b\u0107 polskiego m\u0119\u017cczyzny\u201d wynika, \u017ce czterech na dziesi\u0119ciu badanych m\u0119\u017cczyzn uwa\u017ca, \u017ce mamy do czynienia tzw. z kryzysem m\u0119sko\u015bci. To temat, kt\u00f3ry wymaga analizy psychologicznej \u2013 nie tylko dlatego, \u017ce dotyczy indywidualnych do\u015bwiadcze\u0144, ale te\u017c wp\u0142ywa na ca\u0142e spo\u0142ecze\u0144stwo. O tym, jak rozumie\u0107 wsp\u00f3\u0142czesn\u0105 m\u0119sko\u015b\u0107 i gdzie szuka\u0107 r\u00f3wnowagi, opowiada dr Micha\u0142 Stefa\u0144czyk w podca\u015bcie <strong>\u201eTo si\u0119 w g\u0142owie nie mie\u015bci\u201d<\/strong>.<\/p>\n\n\n\n<h2 class=\"wp-block-heading\"><span class=\"ez-toc-section\" id=\"Kim_jest_dr_Michal_Stefanczyk_Psycholog_naukowiec_i_wykladowca_gosciem_naszego_podcastu\"><\/span>Kim jest dr Micha\u0142 Stefa\u0144czyk? Psycholog, naukowiec i wyk\u0142adowca go\u015bciem naszego podcastu<span class=\"ez-toc-section-end\"><\/span><\/h2>\n\n\n\n<p>Go\u015bciem jednego z odcink\u00f3w naszej serii podcast\u00f3w \u201e<a href=\"https:\/\/studia-online.pl\/podcasty-psychologiczne\">To si\u0119 w g\u0142owie nie mie\u015bci<\/a>\u201d jest dr Micha\u0142 Stefa\u0144czyk \u2013 <strong>psycholog ewolucyjny i spo\u0142eczny<\/strong>, kt\u00f3rego praca badawcza koncentruje si\u0119 na psychologii podejmowania decyzji, autoprezentacji oraz analizie tzw. mrocznych cech osobowo\u015bci. Zajmuje si\u0119 r\u00f3wnie\u017c badaniem mechanizm\u00f3w socjoseksualno\u015bci i strategii spo\u0142ecznych.<\/p>\n\n\n\n<p>Jest:<\/p>\n\n\n\n<ul class=\"wp-block-list\">\n<li><strong>stypendyst\u0105 Fundacji na rzecz Nauki Polskiej<\/strong> oraz <strong>miasta Wroc\u0142aw (Stypendium W. Stysia)<\/strong>;<\/li>\n\n\n\n<li><strong>laureatem ministerialnego Diamentowego Grantu<\/strong> i nagrody im. prof. Strza\u0142ko przyznawanej przez Polskie Towarzystwo Nauk o Cz\u0142owieku i Ewolucji.<\/li>\n<\/ul>\n\n\n\n<h3 class=\"wp-block-heading\"><span class=\"ez-toc-section\" id=\"Trener_i_popularyzator_psychologii_w_praktyce\"><\/span>Trener i popularyzator psychologii w praktyce<span class=\"ez-toc-section-end\"><\/span><\/h3>\n\n\n\n<p>Na co dzie\u0144 dr Micha\u0142 Stefa\u0144czyk prowadzi zaj\u0119cia z <strong>psychologii spo\u0142ecznej na Uniwersytecie Wroc\u0142awskim<\/strong>, gdzie inspiruje student\u00f3w do samodzielnego my\u015blenia i odkrywania mechanizm\u00f3w rz\u0105dz\u0105cych ludzkimi zachowaniami. Wsp\u00f3\u0142tworzy r\u00f3wnie\u017c dzia\u0142ania edukacyjno-rozwojowe w <strong>Pracowni Rozwoju<\/strong>, gdzie projektuje scenariusze warsztat\u00f3w i gier fabularnych.&nbsp;<\/p>\n\n\n\n<p>Prowadzi <strong>szkolenia <\/strong>wykorzystuj\u0105ce techniki improwizacyjne i<strong> rozwijaj\u0105ce kompetencje mi\u0119kkie, jak:<\/strong><\/p>\n\n\n\n<ul class=\"wp-block-list\">\n<li>komunikatywno\u015b\u0107;<\/li>\n\n\n\n<li>wsp\u00f3\u0142prac\u0119;<\/li>\n\n\n\n<li>asertywno\u015b\u0107;<\/li>\n\n\n\n<li>kreatywno\u015b\u0107.<\/li>\n<\/ul>\n\n\n\n<p>Organizuje te\u017c <strong>interaktywne warsztaty i gry miejskie<\/strong>, kt\u00f3re pomagaj\u0105 wzmacnia\u0107 zaufanie i wsp\u00f3\u0142dzia\u0142anie w grupie. Po godzinach pasjonuje si\u0119 teatrem improwizacji i kinem, \u0142\u0105cz\u0105c naukow\u0105 precyzj\u0119 z poczuciem humoru i dystansem do \u015bwiata.<\/p>\n\n\n\n<figure class=\"wp-block-image size-large\"><a href=\"https:\/\/studia-online.pl\/podcasty-psychologiczne\"><img loading=\"lazy\" decoding=\"async\" width=\"1024\" height=\"512\" src=\"https:\/\/studia-online.pl\/aktualnosci\/wp-content\/uploads\/2025\/10\/podcasty-psychologiczne-1024x512.png\" alt=\"podcasty psychologiczne\" class=\"wp-image-15991\" srcset=\"https:\/\/studia-online.pl\/aktualnosci\/wp-content\/uploads\/2025\/10\/podcasty-psychologiczne-1024x512.png 1024w, https:\/\/studia-online.pl\/aktualnosci\/wp-content\/uploads\/2025\/10\/podcasty-psychologiczne-300x150.png 300w, https:\/\/studia-online.pl\/aktualnosci\/wp-content\/uploads\/2025\/10\/podcasty-psychologiczne-768x384.png 768w, https:\/\/studia-online.pl\/aktualnosci\/wp-content\/uploads\/2025\/10\/podcasty-psychologiczne-1536x768.png 1536w, https:\/\/studia-online.pl\/aktualnosci\/wp-content\/uploads\/2025\/10\/podcasty-psychologiczne-2048x1024.png 2048w, https:\/\/studia-online.pl\/aktualnosci\/wp-content\/uploads\/2025\/10\/podcasty-psychologiczne-696x348.png 696w, https:\/\/studia-online.pl\/aktualnosci\/wp-content\/uploads\/2025\/10\/podcasty-psychologiczne-1068x534.png 1068w, https:\/\/studia-online.pl\/aktualnosci\/wp-content\/uploads\/2025\/10\/podcasty-psychologiczne-840x420.png 840w\" sizes=\"auto, (max-width: 1024px) 100vw, 1024px\" \/><\/a><\/figure>\n\n\n\n<h2 class=\"wp-block-heading\"><span class=\"ez-toc-section\" id=\"Jakie_tematy_porusza_kolejny_odcinek_podcastu_%E2%80%9ETo_sie_w_glowie_nie_miesci%E2%80%9D\"><\/span>Jakie tematy porusza kolejny odcinek podcastu \u201eTo si\u0119 w g\u0142owie nie mie\u015bci\u201d?<span class=\"ez-toc-section-end\"><\/span><\/h2>\n\n\n\n<p>W odcinku zatytu\u0142owanym \u201eCzy mo\u017cemy ju\u017c m\u00f3wi\u0107 o kryzysie m\u0119\u017cczyzn?\u201d z cyklu naszych podcast\u00f3w dr Micha\u0142 Stefa\u0144czyk <strong>rozmawia o zjawisku wsp\u00f3\u0142czesnej m\u0119sko\u015bci<\/strong> i <strong>zastanawia si\u0119, czy rzeczywi\u015bcie mo\u017cemy m\u00f3wi\u0107 o jej kryzysie<\/strong>. Ekspert <strong>odnosi si\u0119 do zmian w postrzeganiu r\u00f3l m\u0119\u017cczyzn<\/strong>, ich spo\u0142ecznych i kulturowych uwarunkowa\u0144 oraz wp\u0142ywu, jaki mog\u0105 mie\u0107 na codzienne \u017cycie i relacje.<\/p>\n\n\n\n<p>W rozmowie <strong>pojawiaj\u0105 si\u0119 te\u017c w\u0105tki dotycz\u0105ce r\u00f3\u017cnic mi\u0119dzy kobietami i m\u0119\u017cczyznami, <\/strong>oczekiwa\u0144 wobec obu p\u0142ci oraz sytuacji m\u0119\u017cczyzn w edukacji, pracy i rodzinie. To odcinek, kt\u00f3ry sk\u0142ania do refleksji nad tym, jak zmieniaj\u0105 si\u0119 wsp\u00f3\u0142czesne role i jak odnale\u017a\u0107 r\u00f3wnowag\u0119 w \u015bwiecie pe\u0142nym nowych wyzwa\u0144.<\/p>\n\n\n\n<p>Ciekawi Ci\u0119 tematyka pozosta\u0142ych odcink\u00f3w? <a href=\"https:\/\/studia-online.pl\/aktualnosci\/najlepsze-podcasty-psychologiczne-odkryj-cykl-to-sie-w-glowie-nie-miesci\/\">Szerzej opisali\u015bmy je na naszym blogu.<\/a><\/p>\n\n\n\n<h2 class=\"wp-block-heading\"><span class=\"ez-toc-section\" id=\"Psychologia_kryzysu_i_interwencji_kryzysowej_%E2%80%93_studia_dla_tych_ktorzy_chca_pomagac\"><\/span>Psychologia kryzysu i interwencji kryzysowej \u2013 studia dla tych, kt\u00f3rzy chc\u0105 pomaga\u0107<span class=\"ez-toc-section-end\"><\/span><\/h2>\n\n\n\n<p>Tematy poruszane w podca\u015bcie z dr. Micha\u0142em Stefa\u0144czykiem <strong>to tylko wst\u0119p do znacznie szerszej dyskusji o kondycji psychicznej cz\u0142owieka i sposobach radzenia sobie z trudnymi emocjami.<\/strong> Je\u015bli chcesz zrozumie\u0107, jak dzia\u0142a cz\u0142owiek w sytuacjach granicznych i jak realnie wspiera\u0107 innych w momentach za\u0142amania \u2013 <strong>studia podyplomowe <a href=\"https:\/\/studia-online.pl\/studia\/podyplomowe\/psychologia-kryzysu-i-interwencji-kryzysowej\/4867249\">Psychologia kryzysu i interwencji kryzysowej<\/a><\/strong> s\u0105 w\u0142a\u015bnie dla Ciebie.<\/p>\n\n\n\n<figure class=\"wp-block-image size-full\"><img loading=\"lazy\" decoding=\"async\" width=\"1000\" height=\"563\" src=\"https:\/\/studia-online.pl\/aktualnosci\/wp-content\/uploads\/2025\/10\/tomasz-wasilkowski-w-podcascie-to-sie-w-glowie-nie-miesci.jpg\" alt=\"podcasty to si\u0119 w g\u0142owie nie mie\u015bci\" class=\"wp-image-15953\" srcset=\"https:\/\/studia-online.pl\/aktualnosci\/wp-content\/uploads\/2025\/10\/tomasz-wasilkowski-w-podcascie-to-sie-w-glowie-nie-miesci.jpg 1000w, https:\/\/studia-online.pl\/aktualnosci\/wp-content\/uploads\/2025\/10\/tomasz-wasilkowski-w-podcascie-to-sie-w-glowie-nie-miesci-300x169.jpg 300w, https:\/\/studia-online.pl\/aktualnosci\/wp-content\/uploads\/2025\/10\/tomasz-wasilkowski-w-podcascie-to-sie-w-glowie-nie-miesci-768x432.jpg 768w, https:\/\/studia-online.pl\/aktualnosci\/wp-content\/uploads\/2025\/10\/tomasz-wasilkowski-w-podcascie-to-sie-w-glowie-nie-miesci-696x392.jpg 696w, https:\/\/studia-online.pl\/aktualnosci\/wp-content\/uploads\/2025\/10\/tomasz-wasilkowski-w-podcascie-to-sie-w-glowie-nie-miesci-746x420.jpg 746w\" sizes=\"auto, (max-width: 1000px) 100vw, 1000px\" \/><\/figure>\n\n\n\n<p>Przygotowuj\u0105 one do pracy z osobami do\u015bwiadczaj\u0105cymi r\u00f3\u017cnego rodzaju kryzys\u00f3w \u2013 od \u017cyciowych i emocjonalnych po zawodowe i spo\u0142eczne. Zakres tematyczny studi\u00f3w obejmuje m.in. zagadnienia psychologiczne i etyczne:<\/p>\n\n\n\n<ul class=\"wp-block-list\">\n<li>prawne podstawy interwencji kryzysowej;<\/li>\n\n\n\n<li>zasady pracy opieku\u0144czo-wychowawczej, resocjalizacyjnej i terapeutycznej;<\/li>\n\n\n\n<li>przygotowanie merytoryczne i metodyczne do podejmowania dzia\u0142a\u0144 interwencyjnych.<\/li>\n<\/ul>\n\n\n\n<p>To propozycja dla <strong>psycholog\u00f3w, pedagog\u00f3w, prawnik\u00f3w, socjolog\u00f3w, specjalist\u00f3w ds. bezpiecze\u0144stwa<\/strong> i wszystkich, kt\u00f3rzy chc\u0105 rozwija\u0107 kompetencje wspierania innych w trudnych momentach \u017cycia. <strong>Zapisz si\u0119 na studia Psychologia kryzysu i interwencji kryzysowej<\/strong> i zdob\u0105d\u017a wiedz\u0119 oraz umiej\u0119tno\u015bci, kt\u00f3re pozwalaj\u0105 realnie pomaga\u0107 innym.<\/p>\n\n\n\n<h2 class=\"wp-block-heading\"><span class=\"ez-toc-section\" id=\"FAQ\"><\/span>FAQ<span class=\"ez-toc-section-end\"><\/span><\/h2>\n\n\n\n<h3 class=\"wp-block-heading\"><span class=\"ez-toc-section\" id=\"Co_to_jest_kryzys_meskosci\"><\/span>Co to jest kryzys m\u0119sko\u015bci?<span class=\"ez-toc-section-end\"><\/span><\/h3>\n\n\n\n<p>Kryzys m\u0119sko\u015bci to zjawisko polegaj\u0105ce na zmianie tradycyjnych r\u00f3l i oczekiwa\u0144 wobec m\u0119\u017cczyzn, kt\u00f3re prowadzi do niepewno\u015bci co do w\u0142asnej to\u017csamo\u015bci i miejsca w spo\u0142ecze\u0144stwie.<\/p>\n\n\n\n<h3 class=\"wp-block-heading\"><span class=\"ez-toc-section\" id=\"Czy_kryzys_meskosci_to_nowe_zjawisko\"><\/span>Czy kryzys m\u0119sko\u015bci to nowe zjawisko?<span class=\"ez-toc-section-end\"><\/span><\/h3>\n\n\n\n<p>Nie, ale dopiero w ostatnich latach sta\u0142 si\u0119 przedmiotem szerszych bada\u0144 psychologicznych i spo\u0142ecznych ze wzgl\u0119du na tempo zmian kulturowych.<\/p>\n\n\n\n<h3 class=\"wp-block-heading\"><span class=\"ez-toc-section\" id=\"Kim_jest_dr_Michal_Stefanczyk\"><\/span>Kim jest dr Micha\u0142 Stefa\u0144czyk?<span class=\"ez-toc-section-end\"><\/span><\/h3>\n\n\n\n<p>Dr Micha\u0142 Stefa\u0144czyk to psycholog ewolucyjny i spo\u0142eczny, wyk\u0142adowca Uniwersytetu Wroc\u0142awskiego, trener i popularyzator wiedzy o ludzkich zachowaniach.<\/p>\n\n\n\n<h3 class=\"wp-block-heading\"><span class=\"ez-toc-section\" id=\"Czego_mozna_dowiedziec_sie_z_podcastu_%E2%80%9ETo_sie_w_glowie_nie_miesci%E2%80%9D\"><\/span>Czego mo\u017cna dowiedzie\u0107 si\u0119 z podcastu \u201eTo si\u0119 w g\u0142owie nie mie\u015bci\u201d?<span class=\"ez-toc-section-end\"><\/span><\/h3>\n\n\n\n<p>Z odcinka mo\u017cna dowiedzie\u0107 si\u0119, jak zmienia si\u0119 rola m\u0119\u017cczyzn we wsp\u00f3\u0142czesnym \u015bwiecie i jakie psychologiczne mechanizmy stoj\u0105 za tymi przemianami.<\/p>\n","protected":false},"excerpt":{"rendered":"<p>Czy wsp\u00f3\u0142czesny m\u0119\u017cczyzna naprawd\u0119 prze\u017cywa kryzys, czy to tylko medialny slogan? Coraz cz\u0119\u015bciej m\u00f3wi si\u0119 o zagubieniu m\u0119\u017cczyzn we wsp\u00f3\u0142czesnym \u015bwiecie \u2013 mi\u0119dzy tradycyjnymi wzorcami a nowymi oczekiwaniami spo\u0142ecznymi. Zjawisko to nie jest jedynie publicystycznym has\u0142em, lecz przedmiotem powa\u017cnych bada\u0144 psychologicznych, kt\u00f3re pokazuj\u0105, jak zmienia si\u0119 rola m\u0119\u017cczyzny w XXI wieku. Szerzej opowiada o tym [&hellip;]<\/p>\n","protected":false},"author":11,"featured_media":15963,"comment_status":"closed","ping_status":"closed","sticky":false,"template":"","format":"standard","meta":{"_lmt_disableupdate":"","_lmt_disable":"","footnotes":""},"categories":[7188],"tags":[],"class_list":["post-15957","post","type-post","status-publish","format-standard","has-post-thumbnail","hentry","category-psychologia"],"modified_by":"Ernest","_links":{"self":[{"href":"https:\/\/studia-online.pl\/aktualnosci\/wp-json\/wp\/v2\/posts\/15957","targetHints":{"allow":["GET"]}}],"collection":[{"href":"https:\/\/studia-online.pl\/aktualnosci\/wp-json\/wp\/v2\/posts"}],"about":[{"href":"https:\/\/studia-online.pl\/aktualnosci\/wp-json\/wp\/v2\/types\/post"}],"author":[{"embeddable":true,"href":"https:\/\/studia-online.pl\/aktualnosci\/wp-json\/wp\/v2\/users\/11"}],"replies":[{"embeddable":true,"href":"https:\/\/studia-online.pl\/aktualnosci\/wp-json\/wp\/v2\/comments?post=15957"}],"version-history":[{"count":7,"href":"https:\/\/studia-online.pl\/aktualnosci\/wp-json\/wp\/v2\/posts\/15957\/revisions"}],"predecessor-version":[{"id":15995,"href":"https:\/\/studia-online.pl\/aktualnosci\/wp-json\/wp\/v2\/posts\/15957\/revisions\/15995"}],"wp:featuredmedia":[{"embeddable":true,"href":"https:\/\/studia-online.pl\/aktualnosci\/wp-json\/wp\/v2\/media\/15963"}],"wp:attachment":[{"href":"https:\/\/studia-online.pl\/aktualnosci\/wp-json\/wp\/v2\/media?parent=15957"}],"wp:term":[{"taxonomy":"category","embeddable":true,"href":"https:\/\/studia-online.pl\/aktualnosci\/wp-json\/wp\/v2\/categories?post=15957"},{"taxonomy":"post_tag","embeddable":true,"href":"https:\/\/studia-online.pl\/aktualnosci\/wp-json\/wp\/v2\/tags?post=15957"}],"curies":[{"name":"wp","href":"https:\/\/api.w.org\/{rel}","templated":true}]}}